{"id":4644,"date":"2026-03-05T12:59:52","date_gmt":"2026-03-05T12:59:52","guid":{"rendered":"https:\/\/j-ferreira.pt\/?p=4644"},"modified":"2026-04-22T10:35:18","modified_gmt":"2026-04-22T10:35:18","slug":"joao-ferreira-regressa-ao-cptt-de-forma-pontual","status":"publish","type":"post","link":"https:\/\/j-ferreira.pt\/en\/joao-ferreira-regressa-ao-cptt-de-forma-pontual\/","title":{"rendered":"Jo\u00e3o Ferreira regressa ao CPTT de forma pontual"},"content":{"rendered":"<div data-elementor-type=\"wp-post\" data-elementor-id=\"4644\" class=\"elementor elementor-4644\" data-elementor-post-type=\"post\">\n\t\t\t\t<div class=\"elementor-element elementor-element-38ac9c9b e-flex e-con-boxed e-con e-parent\" data-id=\"38ac9c9b\" data-element_type=\"container\">\n\t\t\t\t\t<div class=\"e-con-inner\">\n\t\t\t\t<div class=\"elementor-element elementor-element-366572ce elementor-widget elementor-widget-text-editor\" data-id=\"366572ce\" data-element_type=\"widget\" data-widget_type=\"text-editor.default\">\n\t\t\t\t<div class=\"elementor-widget-container\">\n\t\t\t<style>\/*! elementor - v3.21.0 - 30-04-2024 *\/\n.elementor-widget-text-editor.elementor-drop-cap-view-stacked .elementor-drop-cap{background-color:#69727d;color:#fff}.elementor-widget-text-editor.elementor-drop-cap-view-framed .elementor-drop-cap{color:#69727d;border:3px solid;background-color:transparent}.elementor-widget-text-editor:not(.elementor-drop-cap-view-default) .elementor-drop-cap{margin-top:8px}.elementor-widget-text-editor:not(.elementor-drop-cap-view-default) .elementor-drop-cap-letter{width:1em;height:1em}.elementor-widget-text-editor .elementor-drop-cap{float:left;text-align:center;line-height:1;font-size:50px}.elementor-widget-text-editor .elementor-drop-cap-letter{display:inline-block}<\/style>\t\t\t\t<p><span style=\"font-family: Aptos, sans-serif; font-size: 12pt;\">Jo\u00e3o Ferreira e Filipe Palmeiro encerraram hoje o Dakar 2026 de forma positiva, ao alcan\u00e7arem o 7.\u00ba lugar na \u00faltima etapa, numa especial mais curta e descontra\u00edda que permitiu desfrutar da condu\u00e7\u00e3o ap\u00f3s duas semanas extremamente exigentes. Sem necessidade de grandes riscos e com o foco colocado em levar o Toyota Hilux at\u00e9 \u00e0 meta final, a dupla portuguesa soube aproveitar a jornada para terminar o rali com boas sensa\u00e7\u00f5es, confirmando a evolu\u00e7\u00e3o demonstrada ao longo da prova mais dura do calend\u00e1rio mundial. No final, Jo\u00e3o Ferreira concluiu o Dakar na 18.\u00aa posi\u00e7\u00e3o da classifica\u00e7\u00e3o geral.<\/span><\/p><p style=\"margin: 0cm 0cm 8pt; line-height: 18.4px; font-size: 12pt; font-family: Aptos, sans-serif;\"><b>\u201cNo \u00faltimo dia j\u00e1 deu para desfrutar um pouco mais. Foi uma etapa divertida, sem press\u00e3o, e sabe sempre bem terminar o Dakar com um bom resultado. Agora o pensamento j\u00e1 est\u00e1 no Dakar 2027. Quero voltar com os mesmos objetivos deste ano: vencer. \u00c9 assim que encaro todas as corridas em que participo e ser\u00e1 assim em todas at\u00e9 l\u00e1. Este Dakar deu-nos muita experi\u00eancia e confirmou que estamos no caminho certo\u201d,<\/b> afirmou Jo\u00e3o Ferreira, piloto oficial da Toyota Gazoo Racing South Africa, no final da prova.<\/p><p style=\"margin: 0cm 0cm 8pt; line-height: 18.4px; font-size: 12pt; font-family: Aptos, sans-serif;\">Depois de uma edi\u00e7\u00e3o intensa do Dakar Rally conclu\u00edda, que abriu a temporada do <strong>FIA World Rally-Raid Championship (W2RC) 2026<\/strong>, o campeonato prossegue com quatro rondas adicionais distribu\u00eddas por quatro continentes, refletindo a sua ambi\u00e7\u00e3o global. A segunda etapa ser\u00e1 o <strong>BP Ultimate Rally-Raid Portugal<\/strong>, agendado de <strong>17 a 22 de mar\u00e7o<\/strong> em territ\u00f3rio portugu\u00eas, servindo de principal prova europeia antes da transi\u00e7\u00e3o para a Am\u00e9rica do Sul com o <strong>Desaf\u00edo Ruta 40<\/strong> na <strong>Argentina de 24 a 29 de maio<\/strong>. No outono, a caravana do W2RC desloca-se ao <strong>Rallye du Maroc<\/strong> de <strong>28 de setembro a 3 de outubro<\/strong>, antes de concluir a temporada no <strong>Abu Dhabi Desert Challenge<\/strong>, agora marcada para <strong>22 a 27 de novembro<\/strong> nos Emirados \u00c1rabes Unidos pela primeira vez como prova final do campeonato.<\/p>\t\t\t\t\t\t<\/div>\n\t\t\t\t<\/div>\n\t\t\t\t\t<\/div>\n\t\t\t\t<\/div>\n\t\t<div class=\"elementor-element elementor-element-7d18535 e-flex e-con-boxed e-con e-parent\" data-id=\"7d18535\" data-element_type=\"container\">\n\t\t\t\t\t<div class=\"e-con-inner\">\n\t\t<div class=\"elementor-element elementor-element-198ba9b e-con-full e-flex e-con e-child\" data-id=\"198ba9b\" data-element_type=\"container\">\n\t\t\t\t<div class=\"elementor-element elementor-element-7e6aedc elementor-widget elementor-widget-image\" data-id=\"7e6aedc\" data-element_type=\"widget\" data-widget_type=\"image.default\">\n\t\t\t\t<div class=\"elementor-widget-container\">\n\t\t\t<style>\/*! elementor - v3.21.0 - 30-04-2024 *\/\n.elementor-widget-image{text-align:center}.elementor-widget-image a{display:inline-block}.elementor-widget-image a img[src$=\".svg\"]{width:48px}.elementor-widget-image img{vertical-align:middle;display:inline-block}<\/style>\t\t\t\t\t\t\t\t\t\t<img fetchpriority=\"high\" decoding=\"async\" width=\"2048\" height=\"1366\" src=\"https:\/\/j-ferreira.pt\/wp-content\/uploads\/2026\/03\/615483770_904200605510373_1247253521994012654_n.jpg\" class=\"attachment-full size-full wp-image-4629\" alt=\"\" srcset=\"https:\/\/j-ferreira.pt\/wp-content\/uploads\/2026\/03\/615483770_904200605510373_1247253521994012654_n.jpg 2048w, https:\/\/j-ferreira.pt\/wp-content\/uploads\/2026\/03\/615483770_904200605510373_1247253521994012654_n-300x200.jpg 300w, https:\/\/j-ferreira.pt\/wp-content\/uploads\/2026\/03\/615483770_904200605510373_1247253521994012654_n-1024x683.jpg 1024w, https:\/\/j-ferreira.pt\/wp-content\/uploads\/2026\/03\/615483770_904200605510373_1247253521994012654_n-768x512.jpg 768w, https:\/\/j-ferreira.pt\/wp-content\/uploads\/2026\/03\/615483770_904200605510373_1247253521994012654_n-1536x1025.jpg 1536w, https:\/\/j-ferreira.pt\/wp-content\/uploads\/2026\/03\/615483770_904200605510373_1247253521994012654_n-18x12.jpg 18w, https:\/\/j-ferreira.pt\/wp-content\/uploads\/2026\/03\/615483770_904200605510373_1247253521994012654_n-600x400.jpg 600w\" sizes=\"(max-width: 2048px) 100vw, 2048px\" \/>\t\t\t\t\t\t\t\t\t\t\t\t\t<\/div>\n\t\t\t\t<\/div>\n\t\t\t\t<\/div>\n\t\t<div class=\"elementor-element elementor-element-3c481eb e-con-full e-flex e-con e-child\" data-id=\"3c481eb\" data-element_type=\"container\">\n\t\t\t\t<div class=\"elementor-element elementor-element-89b77ff elementor-widget elementor-widget-image\" data-id=\"89b77ff\" data-element_type=\"widget\" data-widget_type=\"image.default\">\n\t\t\t\t<div class=\"elementor-widget-container\">\n\t\t\t\t\t\t\t\t\t\t\t\t\t<img decoding=\"async\" width=\"2048\" height=\"1366\" src=\"https:\/\/j-ferreira.pt\/wp-content\/uploads\/2026\/03\/616816723_905515582045542_4873489526354876299_n.jpg\" class=\"attachment-full size-full wp-image-4632\" alt=\"\" srcset=\"https:\/\/j-ferreira.pt\/wp-content\/uploads\/2026\/03\/616816723_905515582045542_4873489526354876299_n.jpg 2048w, https:\/\/j-ferreira.pt\/wp-content\/uploads\/2026\/03\/616816723_905515582045542_4873489526354876299_n-300x200.jpg 300w, https:\/\/j-ferreira.pt\/wp-content\/uploads\/2026\/03\/616816723_905515582045542_4873489526354876299_n-1024x683.jpg 1024w, https:\/\/j-ferreira.pt\/wp-content\/uploads\/2026\/03\/616816723_905515582045542_4873489526354876299_n-768x512.jpg 768w, https:\/\/j-ferreira.pt\/wp-content\/uploads\/2026\/03\/616816723_905515582045542_4873489526354876299_n-1536x1025.jpg 1536w, https:\/\/j-ferreira.pt\/wp-content\/uploads\/2026\/03\/616816723_905515582045542_4873489526354876299_n-18x12.jpg 18w, https:\/\/j-ferreira.pt\/wp-content\/uploads\/2026\/03\/616816723_905515582045542_4873489526354876299_n-600x400.jpg 600w\" sizes=\"(max-width: 2048px) 100vw, 2048px\" \/>\t\t\t\t\t\t\t\t\t\t\t\t\t<\/div>\n\t\t\t\t<\/div>\n\t\t\t\t<\/div>\n\t\t\t\t\t<\/div>\n\t\t\t\t<\/div>\n\t\t\t\t<\/div>","protected":false},"excerpt":{"rendered":"<p>Jo\u00e3o Ferreira e Filipe Palmeiro encerraram hoje o Dakar 2026 de forma positiva, ao alcan\u00e7arem o 7.\u00ba lugar na \u00faltima etapa, numa especial mais curta e descontra\u00edda que permitiu desfrutar da condu\u00e7\u00e3o ap\u00f3s duas semanas extremamente exigentes. Sem necessidade de grandes riscos e com o foco colocado em levar o Toyota Hilux at\u00e9 \u00e0 meta [&hellip;]<\/p>","protected":false},"author":2,"featured_media":4650,"comment_status":"closed","ping_status":"closed","sticky":false,"template":"","format":"standard","meta":{"footnotes":""},"categories":[1],"tags":[],"class_list":["post-4644","post","type-post","status-publish","format-standard","has-post-thumbnail","hentry","category-uncategorized"],"_links":{"self":[{"href":"https:\/\/j-ferreira.pt\/en\/wp-json\/wp\/v2\/posts\/4644","targetHints":{"allow":["GET"]}}],"collection":[{"href":"https:\/\/j-ferreira.pt\/en\/wp-json\/wp\/v2\/posts"}],"about":[{"href":"https:\/\/j-ferreira.pt\/en\/wp-json\/wp\/v2\/types\/post"}],"author":[{"embeddable":true,"href":"https:\/\/j-ferreira.pt\/en\/wp-json\/wp\/v2\/users\/2"}],"replies":[{"embeddable":true,"href":"https:\/\/j-ferreira.pt\/en\/wp-json\/wp\/v2\/comments?post=4644"}],"version-history":[{"count":1,"href":"https:\/\/j-ferreira.pt\/en\/wp-json\/wp\/v2\/posts\/4644\/revisions"}],"predecessor-version":[{"id":4645,"href":"https:\/\/j-ferreira.pt\/en\/wp-json\/wp\/v2\/posts\/4644\/revisions\/4645"}],"wp:featuredmedia":[{"embeddable":true,"href":"https:\/\/j-ferreira.pt\/en\/wp-json\/wp\/v2\/media\/4650"}],"wp:attachment":[{"href":"https:\/\/j-ferreira.pt\/en\/wp-json\/wp\/v2\/media?parent=4644"}],"wp:term":[{"taxonomy":"category","embeddable":true,"href":"https:\/\/j-ferreira.pt\/en\/wp-json\/wp\/v2\/categories?post=4644"},{"taxonomy":"post_tag","embeddable":true,"href":"https:\/\/j-ferreira.pt\/en\/wp-json\/wp\/v2\/tags?post=4644"}],"curies":[{"name":"wp","href":"https:\/\/api.w.org\/{rel}","templated":true}]}}