{"id":4431,"date":"2025-10-22T17:33:55","date_gmt":"2025-10-22T17:33:55","guid":{"rendered":"https:\/\/j-ferreira.pt\/?p=4431"},"modified":"2026-04-22T10:34:59","modified_gmt":"2026-04-22T10:34:59","slug":"joao-ferreira-regressa-a-baja-portalegre-determinado-em-manter-viva-a-luta-pelo-titulo","status":"publish","type":"post","link":"https:\/\/j-ferreira.pt\/en\/joao-ferreira-regressa-a-baja-portalegre-determinado-em-manter-viva-a-luta-pelo-titulo\/","title":{"rendered":"Jo\u00e3o Ferreira regressa \u00e0 Baja Portalegre  determinado em manter viva a luta pelo t\u00edtulo"},"content":{"rendered":"<div data-elementor-type=\"wp-post\" data-elementor-id=\"4431\" class=\"elementor elementor-4431\" data-elementor-post-type=\"post\">\n\t\t\t\t<div class=\"elementor-element elementor-element-38ac9c9b e-flex e-con-boxed e-con e-parent\" data-id=\"38ac9c9b\" data-element_type=\"container\">\n\t\t\t\t\t<div class=\"e-con-inner\">\n\t\t\t\t<div class=\"elementor-element elementor-element-366572ce elementor-widget elementor-widget-text-editor\" data-id=\"366572ce\" data-element_type=\"widget\" data-widget_type=\"text-editor.default\">\n\t\t\t\t<div class=\"elementor-widget-container\">\n\t\t\t<style>\/*! elementor - v3.21.0 - 30-04-2024 *\/\n.elementor-widget-text-editor.elementor-drop-cap-view-stacked .elementor-drop-cap{background-color:#69727d;color:#fff}.elementor-widget-text-editor.elementor-drop-cap-view-framed .elementor-drop-cap{color:#69727d;border:3px solid;background-color:transparent}.elementor-widget-text-editor:not(.elementor-drop-cap-view-default) .elementor-drop-cap{margin-top:8px}.elementor-widget-text-editor:not(.elementor-drop-cap-view-default) .elementor-drop-cap-letter{width:1em;height:1em}.elementor-widget-text-editor .elementor-drop-cap{float:left;text-align:center;line-height:1;font-size:50px}.elementor-widget-text-editor .elementor-drop-cap-letter{display:inline-block}<\/style>\t\t\t\t<p>Ap\u00f3s uma temporada internacional de grande n\u00edvel no Campeonato do Mundo de Rally-Raid (W2RC), Jo\u00e3o Ferreira e Filipe Palmeiro regressam a Portugal para disputar a m\u00edtica Baja Portalegre 500, pen\u00faltima ronda do Campeonato de Portugal de Todo-o-Terreno (CPTT). A dupla portuguesa chega motivada pelo excelente quarto lugar alcan\u00e7ado no Rallye du Maroc, \u00faltima prova do Mundial, e pelo desejo de voltar a triunfar numa corrida que Jo\u00e3o Ferreira j\u00e1 venceu no passado. Ao volante da Toyota Hilux T1+, preparada pela Toyota Gazoo Racing South Africa em colabora\u00e7\u00e3o com a SVR, Jo\u00e3o Ferreira pretende dar continuidade ao ritmo competitivo que demonstrou ao longo do ano e lutar pela vit\u00f3ria na mais emblem\u00e1tica prova do todo-o-terreno portugu\u00eas.<\/p><p><strong>\u201cPortalegre \u00e9 sempre uma corrida muito especial, a mais importante do calend\u00e1rio nacional, e tem um significado \u00fanico para todos os pilotos portugueses. Chegamos motivados depois de uma excelente presta\u00e7\u00e3o no Mundial e queremos lutar pela vit\u00f3ria. O nosso objetivo \u00e9 claro: dar tudo em pista para manter viva a luta pelo t\u00edtulo e, ao mesmo tempo, proporcionar um grande espet\u00e1culo ao p\u00fablico que todos os anos enche as especiais da prova. Queremos fechar a temporada da melhor forma poss\u00edvel. Sabemos que a concorr\u00eancia \u00e9 forte, mas estamos focados, preparados e com enorme vontade de vencer novamente em Portalegre\u201d,<\/strong> destacou Jo\u00e3o Ferreira.<\/p><p>A Baja Portalegre 500, organizada pelo Autom\u00f3vel Club de Portugal (ACP), arranca esta quinta-feira com as verifica\u00e7\u00f5es t\u00e9cnicas e administrativas, seguindo-se o Pr\u00f3logo e um primeiro curto setor seletivo na sexta-feira. A especial decisiva disputa-se no s\u00e1bado. Jo\u00e3o Ferreira e Filipe Palmeiro estar\u00e3o entre os principais candidatos \u00e0 vit\u00f3ria numa corrida onde a emo\u00e7\u00e3o, o p\u00fablico e o desafio t\u00e9cnico fazem da Portalegre uma verdadeira festa do todo-o-terreno.<\/p>\t\t\t\t\t\t<\/div>\n\t\t\t\t<\/div>\n\t\t\t\t\t<\/div>\n\t\t\t\t<\/div>\n\t\t<div class=\"elementor-element elementor-element-7d18535 e-flex e-con-boxed e-con e-parent\" data-id=\"7d18535\" data-element_type=\"container\">\n\t\t\t\t\t<div class=\"e-con-inner\">\n\t\t<div class=\"elementor-element elementor-element-198ba9b e-con-full e-flex e-con e-child\" data-id=\"198ba9b\" data-element_type=\"container\">\n\t\t\t\t<div class=\"elementor-element elementor-element-7e6aedc elementor-widget elementor-widget-image\" data-id=\"7e6aedc\" data-element_type=\"widget\" data-widget_type=\"image.default\">\n\t\t\t\t<div class=\"elementor-widget-container\">\n\t\t\t<style>\/*! elementor - v3.21.0 - 30-04-2024 *\/\n.elementor-widget-image{text-align:center}.elementor-widget-image a{display:inline-block}.elementor-widget-image a img[src$=\".svg\"]{width:48px}.elementor-widget-image img{vertical-align:middle;display:inline-block}<\/style>\t\t\t\t\t\t\t\t\t\t<img fetchpriority=\"high\" decoding=\"async\" width=\"2560\" height=\"1707\" src=\"https:\/\/j-ferreira.pt\/wp-content\/uploads\/2025\/10\/1-scaled.jpg\" class=\"attachment-full size-full wp-image-4433\" alt=\"\" srcset=\"https:\/\/j-ferreira.pt\/wp-content\/uploads\/2025\/10\/1-scaled.jpg 2560w, https:\/\/j-ferreira.pt\/wp-content\/uploads\/2025\/10\/1-300x200.jpg 300w, https:\/\/j-ferreira.pt\/wp-content\/uploads\/2025\/10\/1-1024x683.jpg 1024w, https:\/\/j-ferreira.pt\/wp-content\/uploads\/2025\/10\/1-768x512.jpg 768w, https:\/\/j-ferreira.pt\/wp-content\/uploads\/2025\/10\/1-1536x1024.jpg 1536w, https:\/\/j-ferreira.pt\/wp-content\/uploads\/2025\/10\/1-2048x1366.jpg 2048w, https:\/\/j-ferreira.pt\/wp-content\/uploads\/2025\/10\/1-18x12.jpg 18w, https:\/\/j-ferreira.pt\/wp-content\/uploads\/2025\/10\/1-600x400.jpg 600w\" sizes=\"(max-width: 2560px) 100vw, 2560px\" \/>\t\t\t\t\t\t\t\t\t\t\t\t\t<\/div>\n\t\t\t\t<\/div>\n\t\t\t\t<\/div>\n\t\t<div class=\"elementor-element elementor-element-3c481eb e-con-full e-flex e-con e-child\" data-id=\"3c481eb\" data-element_type=\"container\">\n\t\t\t\t<div class=\"elementor-element elementor-element-89b77ff elementor-widget elementor-widget-image\" data-id=\"89b77ff\" data-element_type=\"widget\" data-widget_type=\"image.default\">\n\t\t\t\t<div class=\"elementor-widget-container\">\n\t\t\t\t\t\t\t\t\t\t\t\t\t<img decoding=\"async\" width=\"2560\" height=\"1707\" src=\"https:\/\/j-ferreira.pt\/wp-content\/uploads\/2025\/10\/04a5c614-b45d-4048-b133-8e60ff04003e-scaled.jpg\" class=\"attachment-full size-full wp-image-4434\" alt=\"\" srcset=\"https:\/\/j-ferreira.pt\/wp-content\/uploads\/2025\/10\/04a5c614-b45d-4048-b133-8e60ff04003e-scaled.jpg 2560w, https:\/\/j-ferreira.pt\/wp-content\/uploads\/2025\/10\/04a5c614-b45d-4048-b133-8e60ff04003e-300x200.jpg 300w, https:\/\/j-ferreira.pt\/wp-content\/uploads\/2025\/10\/04a5c614-b45d-4048-b133-8e60ff04003e-1024x683.jpg 1024w, https:\/\/j-ferreira.pt\/wp-content\/uploads\/2025\/10\/04a5c614-b45d-4048-b133-8e60ff04003e-768x512.jpg 768w, https:\/\/j-ferreira.pt\/wp-content\/uploads\/2025\/10\/04a5c614-b45d-4048-b133-8e60ff04003e-1536x1024.jpg 1536w, https:\/\/j-ferreira.pt\/wp-content\/uploads\/2025\/10\/04a5c614-b45d-4048-b133-8e60ff04003e-2048x1366.jpg 2048w, https:\/\/j-ferreira.pt\/wp-content\/uploads\/2025\/10\/04a5c614-b45d-4048-b133-8e60ff04003e-18x12.jpg 18w, https:\/\/j-ferreira.pt\/wp-content\/uploads\/2025\/10\/04a5c614-b45d-4048-b133-8e60ff04003e-600x400.jpg 600w\" sizes=\"(max-width: 2560px) 100vw, 2560px\" \/>\t\t\t\t\t\t\t\t\t\t\t\t\t<\/div>\n\t\t\t\t<\/div>\n\t\t\t\t<\/div>\n\t\t\t\t\t<\/div>\n\t\t\t\t<\/div>\n\t\t\t\t<\/div>","protected":false},"excerpt":{"rendered":"<p>Ap\u00f3s uma temporada internacional de grande n\u00edvel no Campeonato do Mundo de Rally-Raid (W2RC), Jo\u00e3o Ferreira e Filipe Palmeiro regressam a Portugal para disputar a m\u00edtica Baja Portalegre 500, pen\u00faltima ronda do Campeonato de Portugal de Todo-o-Terreno (CPTT). A dupla portuguesa chega motivada pelo excelente quarto lugar alcan\u00e7ado no Rallye du Maroc, \u00faltima prova do [&hellip;]<\/p>","protected":false},"author":2,"featured_media":4435,"comment_status":"closed","ping_status":"closed","sticky":false,"template":"","format":"standard","meta":{"footnotes":""},"categories":[1],"tags":[],"class_list":["post-4431","post","type-post","status-publish","format-standard","has-post-thumbnail","hentry","category-uncategorized"],"_links":{"self":[{"href":"https:\/\/j-ferreira.pt\/en\/wp-json\/wp\/v2\/posts\/4431","targetHints":{"allow":["GET"]}}],"collection":[{"href":"https:\/\/j-ferreira.pt\/en\/wp-json\/wp\/v2\/posts"}],"about":[{"href":"https:\/\/j-ferreira.pt\/en\/wp-json\/wp\/v2\/types\/post"}],"author":[{"embeddable":true,"href":"https:\/\/j-ferreira.pt\/en\/wp-json\/wp\/v2\/users\/2"}],"replies":[{"embeddable":true,"href":"https:\/\/j-ferreira.pt\/en\/wp-json\/wp\/v2\/comments?post=4431"}],"version-history":[{"count":4,"href":"https:\/\/j-ferreira.pt\/en\/wp-json\/wp\/v2\/posts\/4431\/revisions"}],"predecessor-version":[{"id":4438,"href":"https:\/\/j-ferreira.pt\/en\/wp-json\/wp\/v2\/posts\/4431\/revisions\/4438"}],"wp:featuredmedia":[{"embeddable":true,"href":"https:\/\/j-ferreira.pt\/en\/wp-json\/wp\/v2\/media\/4435"}],"wp:attachment":[{"href":"https:\/\/j-ferreira.pt\/en\/wp-json\/wp\/v2\/media?parent=4431"}],"wp:term":[{"taxonomy":"category","embeddable":true,"href":"https:\/\/j-ferreira.pt\/en\/wp-json\/wp\/v2\/categories?post=4431"},{"taxonomy":"post_tag","embeddable":true,"href":"https:\/\/j-ferreira.pt\/en\/wp-json\/wp\/v2\/tags?post=4431"}],"curies":[{"name":"wp","href":"https:\/\/api.w.org\/{rel}","templated":true}]}}