{"id":4420,"date":"2025-10-20T11:21:56","date_gmt":"2025-10-20T11:21:56","guid":{"rendered":"https:\/\/j-ferreira.pt\/?p=4420"},"modified":"2026-04-22T10:34:54","modified_gmt":"2026-04-22T10:34:54","slug":"joao-ferreira-mostrou-consistencia-e-terminou-perto-do-podio-em-marrocos","status":"publish","type":"post","link":"https:\/\/j-ferreira.pt\/en\/joao-ferreira-mostrou-consistencia-e-terminou-perto-do-podio-em-marrocos\/","title":{"rendered":"Jo\u00e3o Ferreira mostrou consist\u00eancia  e terminou perto do p\u00f3dio em Marrocos"},"content":{"rendered":"<div data-elementor-type=\"wp-post\" data-elementor-id=\"4420\" class=\"elementor elementor-4420\" data-elementor-post-type=\"post\">\n\t\t\t\t<div class=\"elementor-element elementor-element-38ac9c9b e-flex e-con-boxed e-con e-parent\" data-id=\"38ac9c9b\" data-element_type=\"container\">\n\t\t\t\t\t<div class=\"e-con-inner\">\n\t\t\t\t<div class=\"elementor-element elementor-element-366572ce elementor-widget elementor-widget-text-editor\" data-id=\"366572ce\" data-element_type=\"widget\" data-widget_type=\"text-editor.default\">\n\t\t\t\t<div class=\"elementor-widget-container\">\n\t\t\t<style>\/*! elementor - v3.21.0 - 30-04-2024 *\/\n.elementor-widget-text-editor.elementor-drop-cap-view-stacked .elementor-drop-cap{background-color:#69727d;color:#fff}.elementor-widget-text-editor.elementor-drop-cap-view-framed .elementor-drop-cap{color:#69727d;border:3px solid;background-color:transparent}.elementor-widget-text-editor:not(.elementor-drop-cap-view-default) .elementor-drop-cap{margin-top:8px}.elementor-widget-text-editor:not(.elementor-drop-cap-view-default) .elementor-drop-cap-letter{width:1em;height:1em}.elementor-widget-text-editor .elementor-drop-cap{float:left;text-align:center;line-height:1;font-size:50px}.elementor-widget-text-editor .elementor-drop-cap-letter{display:inline-block}<\/style>\t\t\t\t<p>O\u00a0Rallye du Maroc, derradeira ronda do Campeonato do Mundo de Rally Raid, terminou com um excelente quarto lugar para Jo\u00e3o Ferreira e Filipe Palmeiro, que ficaram a escassos segundos dos lugares do p\u00f3dio. Numa prova marcada pelas exigentes dunas do deserto marroquino, a dupla portuguesa demonstrou toda a sua capacidade e consist\u00eancia ao volante da Toyota Hilux T1+, preparada pela Toyota Gazoo Racing South Africa e pela SVR.<\/p><p>Jo\u00e3o Ferreira provou, desde o in\u00edcio, que estava em condi\u00e7\u00f5es de lutar pela vit\u00f3ria. Com um andamento forte e regular nas etapas iniciais, o piloto portugu\u00eas manteve-se sempre entre os mais r\u00e1pidos e chegou a rodar no top 3. No entanto, um problema mec\u00e2nico sentido na quarta etapa acabou por impedir que a luta direta pela vit\u00f3ria se concretizasse, condicionando o resultado final. Ainda assim, o desempenho global foi not\u00e1vel e confirma, mais uma vez, o n\u00edvel competitivo de Jo\u00e3o Ferreira no panorama mundial do Rally Raid.<\/p><p><strong>\u201cFoi uma prova muito dura, com etapas longas e exigentes nas dunas, mas onde conseguimos mostrar a nossa consist\u00eancia e competitividade. Estivemos sempre perto dos pilotos da frente e acredito que poder\u00edamos ter lutado pelo p\u00f3dio, ou at\u00e9 pela vit\u00f3ria, n\u00e3o fosse o problema mec\u00e2nico na etapa 4. Sa\u00edmos do Marrocos com a confian\u00e7a refor\u00e7ada e com a certeza de que estamos cada vez mais pr\u00f3ximos dos lugares cimeiros\u201d,<\/strong> sublinhou Jo\u00e3o Ferreira.<\/p><p>O quarto lugar no Rallye du Maroc encerra de forma positiva a temporada mundial, deixando a dupla portuguesa motivada para os pr\u00f3ximos desafios. A solidez demonstrada ao longo da prova e o ritmo competitivo alcan\u00e7ado confirmam que Jo\u00e3o Ferreira e Filipe Palmeiro continuam entre os protagonistas do Campeonato do Mundo, prontos para regressar ainda mais fortes na pr\u00f3xima edi\u00e7\u00e3o do W2RC que arranca em Janeiro, no Dakar.<\/p><p>A pr\u00f3xima corrida da dupla ser\u00e1 j\u00e1 no pr\u00f3ximo fim de semana, na m\u00edtica Baja Portalegre 500, onde Jo\u00e3o Ferreira e Filipe Palmeiro voltam a competir perante o p\u00fablico portugu\u00eas. A prova do Autom\u00f3vel Club de Portugal \u00e9 uma das mais emblem\u00e1ticas do calend\u00e1rio e Ferreira quer vencer para se manter na luta pelo t\u00edtulo nacional<\/p>\t\t\t\t\t\t<\/div>\n\t\t\t\t<\/div>\n\t\t\t\t\t<\/div>\n\t\t\t\t<\/div>\n\t\t<div class=\"elementor-element elementor-element-7d18535 e-flex e-con-boxed e-con e-parent\" data-id=\"7d18535\" data-element_type=\"container\">\n\t\t\t\t\t<div class=\"e-con-inner\">\n\t\t<div class=\"elementor-element elementor-element-198ba9b e-con-full e-flex e-con e-child\" data-id=\"198ba9b\" data-element_type=\"container\">\n\t\t\t\t<div class=\"elementor-element elementor-element-7e6aedc elementor-widget elementor-widget-image\" data-id=\"7e6aedc\" data-element_type=\"widget\" data-widget_type=\"image.default\">\n\t\t\t\t<div class=\"elementor-widget-container\">\n\t\t\t<style>\/*! elementor - v3.21.0 - 30-04-2024 *\/\n.elementor-widget-image{text-align:center}.elementor-widget-image a{display:inline-block}.elementor-widget-image a img[src$=\".svg\"]{width:48px}.elementor-widget-image img{vertical-align:middle;display:inline-block}<\/style>\t\t\t\t\t\t\t\t\t\t<img fetchpriority=\"high\" decoding=\"async\" width=\"2560\" height=\"1706\" src=\"https:\/\/j-ferreira.pt\/wp-content\/uploads\/2025\/10\/IMG_1734-scaled.jpg\" class=\"attachment-full size-full wp-image-4425\" alt=\"\" srcset=\"https:\/\/j-ferreira.pt\/wp-content\/uploads\/2025\/10\/IMG_1734-scaled.jpg 2560w, https:\/\/j-ferreira.pt\/wp-content\/uploads\/2025\/10\/IMG_1734-300x200.jpg 300w, https:\/\/j-ferreira.pt\/wp-content\/uploads\/2025\/10\/IMG_1734-1024x683.jpg 1024w, https:\/\/j-ferreira.pt\/wp-content\/uploads\/2025\/10\/IMG_1734-768x512.jpg 768w, https:\/\/j-ferreira.pt\/wp-content\/uploads\/2025\/10\/IMG_1734-1536x1024.jpg 1536w, https:\/\/j-ferreira.pt\/wp-content\/uploads\/2025\/10\/IMG_1734-2048x1365.jpg 2048w, https:\/\/j-ferreira.pt\/wp-content\/uploads\/2025\/10\/IMG_1734-18x12.jpg 18w, https:\/\/j-ferreira.pt\/wp-content\/uploads\/2025\/10\/IMG_1734-600x400.jpg 600w\" sizes=\"(max-width: 2560px) 100vw, 2560px\" \/>\t\t\t\t\t\t\t\t\t\t\t\t\t<\/div>\n\t\t\t\t<\/div>\n\t\t\t\t<\/div>\n\t\t<div class=\"elementor-element elementor-element-3c481eb e-con-full e-flex e-con e-child\" data-id=\"3c481eb\" data-element_type=\"container\">\n\t\t\t\t<div class=\"elementor-element elementor-element-89b77ff elementor-widget elementor-widget-image\" data-id=\"89b77ff\" data-element_type=\"widget\" data-widget_type=\"image.default\">\n\t\t\t\t<div class=\"elementor-widget-container\">\n\t\t\t\t\t\t\t\t\t\t\t\t\t<img decoding=\"async\" width=\"2560\" height=\"1706\" src=\"https:\/\/j-ferreira.pt\/wp-content\/uploads\/2025\/10\/M61_0797-scaled.jpg\" class=\"attachment-full size-full wp-image-4427\" alt=\"\" srcset=\"https:\/\/j-ferreira.pt\/wp-content\/uploads\/2025\/10\/M61_0797-scaled.jpg 2560w, https:\/\/j-ferreira.pt\/wp-content\/uploads\/2025\/10\/M61_0797-300x200.jpg 300w, https:\/\/j-ferreira.pt\/wp-content\/uploads\/2025\/10\/M61_0797-1024x683.jpg 1024w, https:\/\/j-ferreira.pt\/wp-content\/uploads\/2025\/10\/M61_0797-768x512.jpg 768w, https:\/\/j-ferreira.pt\/wp-content\/uploads\/2025\/10\/M61_0797-1536x1024.jpg 1536w, https:\/\/j-ferreira.pt\/wp-content\/uploads\/2025\/10\/M61_0797-2048x1365.jpg 2048w, https:\/\/j-ferreira.pt\/wp-content\/uploads\/2025\/10\/M61_0797-18x12.jpg 18w, https:\/\/j-ferreira.pt\/wp-content\/uploads\/2025\/10\/M61_0797-600x400.jpg 600w\" sizes=\"(max-width: 2560px) 100vw, 2560px\" \/>\t\t\t\t\t\t\t\t\t\t\t\t\t<\/div>\n\t\t\t\t<\/div>\n\t\t\t\t<\/div>\n\t\t\t\t\t<\/div>\n\t\t\t\t<\/div>\n\t\t\t\t<\/div>","protected":false},"excerpt":{"rendered":"<p>O\u00a0Rallye du Maroc, derradeira ronda do Campeonato do Mundo de Rally Raid, terminou com um excelente quarto lugar para Jo\u00e3o Ferreira e Filipe Palmeiro, que ficaram a escassos segundos dos lugares do p\u00f3dio. Numa prova marcada pelas exigentes dunas do deserto marroquino, a dupla portuguesa demonstrou toda a sua capacidade e consist\u00eancia ao volante da [&hellip;]<\/p>","protected":false},"author":2,"featured_media":4426,"comment_status":"closed","ping_status":"closed","sticky":false,"template":"","format":"standard","meta":{"footnotes":""},"categories":[1],"tags":[],"class_list":["post-4420","post","type-post","status-publish","format-standard","has-post-thumbnail","hentry","category-uncategorized"],"_links":{"self":[{"href":"https:\/\/j-ferreira.pt\/en\/wp-json\/wp\/v2\/posts\/4420","targetHints":{"allow":["GET"]}}],"collection":[{"href":"https:\/\/j-ferreira.pt\/en\/wp-json\/wp\/v2\/posts"}],"about":[{"href":"https:\/\/j-ferreira.pt\/en\/wp-json\/wp\/v2\/types\/post"}],"author":[{"embeddable":true,"href":"https:\/\/j-ferreira.pt\/en\/wp-json\/wp\/v2\/users\/2"}],"replies":[{"embeddable":true,"href":"https:\/\/j-ferreira.pt\/en\/wp-json\/wp\/v2\/comments?post=4420"}],"version-history":[{"count":7,"href":"https:\/\/j-ferreira.pt\/en\/wp-json\/wp\/v2\/posts\/4420\/revisions"}],"predecessor-version":[{"id":4430,"href":"https:\/\/j-ferreira.pt\/en\/wp-json\/wp\/v2\/posts\/4420\/revisions\/4430"}],"wp:featuredmedia":[{"embeddable":true,"href":"https:\/\/j-ferreira.pt\/en\/wp-json\/wp\/v2\/media\/4426"}],"wp:attachment":[{"href":"https:\/\/j-ferreira.pt\/en\/wp-json\/wp\/v2\/media?parent=4420"}],"wp:term":[{"taxonomy":"category","embeddable":true,"href":"https:\/\/j-ferreira.pt\/en\/wp-json\/wp\/v2\/categories?post=4420"},{"taxonomy":"post_tag","embeddable":true,"href":"https:\/\/j-ferreira.pt\/en\/wp-json\/wp\/v2\/tags?post=4420"}],"curies":[{"name":"wp","href":"https:\/\/api.w.org\/{rel}","templated":true}]}}