{"id":4404,"date":"2025-09-29T11:29:51","date_gmt":"2025-09-29T11:29:51","guid":{"rendered":"https:\/\/j-ferreira.pt\/?p=4404"},"modified":"2026-04-22T10:34:49","modified_gmt":"2026-04-22T10:34:49","slug":"joao-ferreira-venceu-etapas-e-mostrou-que-podia-ter-estado-na-luta-pelo-triunfo","status":"publish","type":"post","link":"https:\/\/j-ferreira.pt\/en\/joao-ferreira-venceu-etapas-e-mostrou-que-podia-ter-estado-na-luta-pelo-triunfo\/","title":{"rendered":"Jo\u00e3o Ferreira venceu etapas e mostrou que podia ter estado na luta pelo triunfo"},"content":{"rendered":"<div data-elementor-type=\"wp-post\" data-elementor-id=\"4404\" class=\"elementor elementor-4404\" data-elementor-post-type=\"post\">\n\t\t\t\t<div class=\"elementor-element elementor-element-38ac9c9b e-flex e-con-boxed e-con e-parent\" data-id=\"38ac9c9b\" data-element_type=\"container\">\n\t\t\t\t\t<div class=\"e-con-inner\">\n\t\t\t\t<div class=\"elementor-element elementor-element-366572ce elementor-widget elementor-widget-text-editor\" data-id=\"366572ce\" data-element_type=\"widget\" data-widget_type=\"text-editor.default\">\n\t\t\t\t<div class=\"elementor-widget-container\">\n\t\t\t<style>\/*! elementor - v3.21.0 - 30-04-2024 *\/\n.elementor-widget-text-editor.elementor-drop-cap-view-stacked .elementor-drop-cap{background-color:#69727d;color:#fff}.elementor-widget-text-editor.elementor-drop-cap-view-framed .elementor-drop-cap{color:#69727d;border:3px solid;background-color:transparent}.elementor-widget-text-editor:not(.elementor-drop-cap-view-default) .elementor-drop-cap{margin-top:8px}.elementor-widget-text-editor:not(.elementor-drop-cap-view-default) .elementor-drop-cap-letter{width:1em;height:1em}.elementor-widget-text-editor .elementor-drop-cap{float:left;text-align:center;line-height:1;font-size:50px}.elementor-widget-text-editor .elementor-drop-cap-letter{display:inline-block}<\/style>\t\t\t\t<p>O Rally Raid Portugal n\u00e3o terminou da forma esperada, o resultado n\u00e3o foi o ambicionado, mas os triunfos obtidos em etapas e a clara confirma\u00e7\u00e3o de competitividade ao volante da Toyota Hilux T1+ preparada pela Toyota Gazoo Racing South Africa e SVR, deixaram Jo\u00e3o Ferreira e Filipe Palmeiro motivados para os pr\u00f3ximos desafios.<\/p><p>A dupla portuguesa arrancou para a prova organizada pelo Autom\u00f3vel Club de Portugal com enorme motiva\u00e7\u00e3o e cedo mostrou a sua ambi\u00e7\u00e3o: logo nas primeiras etapas, Jo\u00e3o Ferreira e Filipe Palmeiro impuseram um ritmo muito forte, conquistando, no final, duas vit\u00f3rias em especiais (segunda e quinta etapa) e assumindo pontualmente a lideran\u00e7a da classifica\u00e7\u00e3o geral no final da segunda etapa. Inclu\u00eddo numa lista onde estavam os melhores pilotos do mundo, a resposta foi clara \u2013 lutar pela vit\u00f3ria em solo nacional era poss\u00edvel e estava ao alcance. Contudo, e infelizmente, na terceira etapa surgiu um problema mec\u00e2nico ap\u00f3s uma sa\u00edda de pista que obrigou a equipa a parar durante largos minutos. A perda de tempo foi determinante e retirou a possibilidade de luta direta pelo triunfo.<\/p><p><strong>\u201cMostr\u00e1mos, mais uma vez, que temos velocidade e consist\u00eancia para vencer ao mais alto n\u00edvel. Lider\u00e1mos o Rally Raid Portugal, vencemos duas etapas e est\u00e1vamos na luta direta pela vit\u00f3ria. Infelizmente, um problema na terceira etapa condicionou o resultado final, mas n\u00e3o apaga o excelente trabalho da equipa nem a confian\u00e7a que levamos daqui para as pr\u00f3ximas provas. Vamos continuar a lutar, a acreditar e a trabalhar para conquistar mais vit\u00f3rias\u201d,<\/strong> destacou Jo\u00e3o Ferreira.<\/p><p>O Rally Raid Portugal termina assim com o sabor agridoce de uma exibi\u00e7\u00e3o marcada pela velocidade e determina\u00e7\u00e3o, mas tamb\u00e9m pela dureza t\u00edpica destas provas. O balan\u00e7o, ainda assim, \u00e9 muito positivo: a dupla portuguesa reafirma-se entre os protagonistas do Campeonato do Mundo e segue de cabe\u00e7a erguida para os pr\u00f3ximos desafios.<\/p>\t\t\t\t\t\t<\/div>\n\t\t\t\t<\/div>\n\t\t\t\t\t<\/div>\n\t\t\t\t<\/div>\n\t\t<div class=\"elementor-element elementor-element-7d18535 e-flex e-con-boxed e-con e-parent\" data-id=\"7d18535\" data-element_type=\"container\">\n\t\t\t\t\t<div class=\"e-con-inner\">\n\t\t<div class=\"elementor-element elementor-element-198ba9b e-con-full e-flex e-con e-child\" data-id=\"198ba9b\" data-element_type=\"container\">\n\t\t\t\t<div class=\"elementor-element elementor-element-7e6aedc elementor-widget elementor-widget-image\" data-id=\"7e6aedc\" data-element_type=\"widget\" data-widget_type=\"image.default\">\n\t\t\t\t<div class=\"elementor-widget-container\">\n\t\t\t<style>\/*! elementor - v3.21.0 - 30-04-2024 *\/\n.elementor-widget-image{text-align:center}.elementor-widget-image a{display:inline-block}.elementor-widget-image a img[src$=\".svg\"]{width:48px}.elementor-widget-image img{vertical-align:middle;display:inline-block}<\/style>\t\t\t\t\t\t\t\t\t\t<img fetchpriority=\"high\" decoding=\"async\" width=\"2560\" height=\"1706\" src=\"https:\/\/j-ferreira.pt\/wp-content\/uploads\/2025\/09\/RO25W2RCPT878-scaled.jpg\" class=\"attachment-full size-full wp-image-4410\" alt=\"\" srcset=\"https:\/\/j-ferreira.pt\/wp-content\/uploads\/2025\/09\/RO25W2RCPT878-scaled.jpg 2560w, https:\/\/j-ferreira.pt\/wp-content\/uploads\/2025\/09\/RO25W2RCPT878-300x200.jpg 300w, https:\/\/j-ferreira.pt\/wp-content\/uploads\/2025\/09\/RO25W2RCPT878-1024x683.jpg 1024w, https:\/\/j-ferreira.pt\/wp-content\/uploads\/2025\/09\/RO25W2RCPT878-768x512.jpg 768w, https:\/\/j-ferreira.pt\/wp-content\/uploads\/2025\/09\/RO25W2RCPT878-1536x1024.jpg 1536w, https:\/\/j-ferreira.pt\/wp-content\/uploads\/2025\/09\/RO25W2RCPT878-2048x1365.jpg 2048w, https:\/\/j-ferreira.pt\/wp-content\/uploads\/2025\/09\/RO25W2RCPT878-18x12.jpg 18w, https:\/\/j-ferreira.pt\/wp-content\/uploads\/2025\/09\/RO25W2RCPT878-600x400.jpg 600w\" sizes=\"(max-width: 2560px) 100vw, 2560px\" \/>\t\t\t\t\t\t\t\t\t\t\t\t\t<\/div>\n\t\t\t\t<\/div>\n\t\t\t\t<\/div>\n\t\t<div class=\"elementor-element elementor-element-3c481eb e-con-full e-flex e-con e-child\" data-id=\"3c481eb\" data-element_type=\"container\">\n\t\t\t\t<div class=\"elementor-element elementor-element-89b77ff elementor-widget elementor-widget-image\" data-id=\"89b77ff\" data-element_type=\"widget\" data-widget_type=\"image.default\">\n\t\t\t\t<div class=\"elementor-widget-container\">\n\t\t\t\t\t\t\t\t\t\t\t\t\t<img decoding=\"async\" width=\"2560\" height=\"1706\" src=\"https:\/\/j-ferreira.pt\/wp-content\/uploads\/2025\/09\/25A4131-scaled.jpg\" class=\"attachment-full size-full wp-image-4409\" alt=\"\" srcset=\"https:\/\/j-ferreira.pt\/wp-content\/uploads\/2025\/09\/25A4131-scaled.jpg 2560w, https:\/\/j-ferreira.pt\/wp-content\/uploads\/2025\/09\/25A4131-300x200.jpg 300w, https:\/\/j-ferreira.pt\/wp-content\/uploads\/2025\/09\/25A4131-1024x683.jpg 1024w, https:\/\/j-ferreira.pt\/wp-content\/uploads\/2025\/09\/25A4131-768x512.jpg 768w, https:\/\/j-ferreira.pt\/wp-content\/uploads\/2025\/09\/25A4131-1536x1024.jpg 1536w, https:\/\/j-ferreira.pt\/wp-content\/uploads\/2025\/09\/25A4131-2048x1365.jpg 2048w, https:\/\/j-ferreira.pt\/wp-content\/uploads\/2025\/09\/25A4131-18x12.jpg 18w, https:\/\/j-ferreira.pt\/wp-content\/uploads\/2025\/09\/25A4131-600x400.jpg 600w\" sizes=\"(max-width: 2560px) 100vw, 2560px\" \/>\t\t\t\t\t\t\t\t\t\t\t\t\t<\/div>\n\t\t\t\t<\/div>\n\t\t\t\t<\/div>\n\t\t\t\t\t<\/div>\n\t\t\t\t<\/div>\n\t\t\t\t<\/div>","protected":false},"excerpt":{"rendered":"<p>O Rally Raid Portugal n\u00e3o terminou da forma esperada, o resultado n\u00e3o foi o ambicionado, mas os triunfos obtidos em etapas e a clara confirma\u00e7\u00e3o de competitividade ao volante da Toyota Hilux T1+ preparada pela Toyota Gazoo Racing South Africa e SVR, deixaram Jo\u00e3o Ferreira e Filipe Palmeiro motivados para os pr\u00f3ximos desafios. A dupla [&hellip;]<\/p>","protected":false},"author":2,"featured_media":4410,"comment_status":"closed","ping_status":"closed","sticky":false,"template":"","format":"standard","meta":{"footnotes":""},"categories":[1],"tags":[],"class_list":["post-4404","post","type-post","status-publish","format-standard","has-post-thumbnail","hentry","category-uncategorized"],"_links":{"self":[{"href":"https:\/\/j-ferreira.pt\/en\/wp-json\/wp\/v2\/posts\/4404","targetHints":{"allow":["GET"]}}],"collection":[{"href":"https:\/\/j-ferreira.pt\/en\/wp-json\/wp\/v2\/posts"}],"about":[{"href":"https:\/\/j-ferreira.pt\/en\/wp-json\/wp\/v2\/types\/post"}],"author":[{"embeddable":true,"href":"https:\/\/j-ferreira.pt\/en\/wp-json\/wp\/v2\/users\/2"}],"replies":[{"embeddable":true,"href":"https:\/\/j-ferreira.pt\/en\/wp-json\/wp\/v2\/comments?post=4404"}],"version-history":[{"count":7,"href":"https:\/\/j-ferreira.pt\/en\/wp-json\/wp\/v2\/posts\/4404\/revisions"}],"predecessor-version":[{"id":4413,"href":"https:\/\/j-ferreira.pt\/en\/wp-json\/wp\/v2\/posts\/4404\/revisions\/4413"}],"wp:featuredmedia":[{"embeddable":true,"href":"https:\/\/j-ferreira.pt\/en\/wp-json\/wp\/v2\/media\/4410"}],"wp:attachment":[{"href":"https:\/\/j-ferreira.pt\/en\/wp-json\/wp\/v2\/media?parent=4404"}],"wp:term":[{"taxonomy":"category","embeddable":true,"href":"https:\/\/j-ferreira.pt\/en\/wp-json\/wp\/v2\/categories?post=4404"},{"taxonomy":"post_tag","embeddable":true,"href":"https:\/\/j-ferreira.pt\/en\/wp-json\/wp\/v2\/tags?post=4404"}],"curies":[{"name":"wp","href":"https:\/\/api.w.org\/{rel}","templated":true}]}}