{"id":4398,"date":"2025-09-20T08:45:18","date_gmt":"2025-09-20T08:45:18","guid":{"rendered":"https:\/\/j-ferreira.pt\/?p=4398"},"modified":"2026-04-22T10:34:44","modified_gmt":"2026-04-22T10:34:44","slug":"joao-ferreira-focado-em-triunfo-historico-no-rally-raid-portugal","status":"publish","type":"post","link":"https:\/\/j-ferreira.pt\/en\/joao-ferreira-focado-em-triunfo-historico-no-rally-raid-portugal\/","title":{"rendered":"Jo\u00e3o Ferreira focado em triunfo hist\u00f3rico no Rally Raid Portugal"},"content":{"rendered":"<div data-elementor-type=\"wp-post\" data-elementor-id=\"4398\" class=\"elementor elementor-4398\" data-elementor-post-type=\"post\">\n\t\t\t\t<div class=\"elementor-element elementor-element-38ac9c9b e-flex e-con-boxed e-con e-parent\" data-id=\"38ac9c9b\" data-element_type=\"container\">\n\t\t\t\t\t<div class=\"e-con-inner\">\n\t\t\t\t<div class=\"elementor-element elementor-element-366572ce elementor-widget elementor-widget-text-editor\" data-id=\"366572ce\" data-element_type=\"widget\" data-widget_type=\"text-editor.default\">\n\t\t\t\t<div class=\"elementor-widget-container\">\n\t\t\t<style>\/*! elementor - v3.21.0 - 30-04-2024 *\/\n.elementor-widget-text-editor.elementor-drop-cap-view-stacked .elementor-drop-cap{background-color:#69727d;color:#fff}.elementor-widget-text-editor.elementor-drop-cap-view-framed .elementor-drop-cap{color:#69727d;border:3px solid;background-color:transparent}.elementor-widget-text-editor:not(.elementor-drop-cap-view-default) .elementor-drop-cap{margin-top:8px}.elementor-widget-text-editor:not(.elementor-drop-cap-view-default) .elementor-drop-cap-letter{width:1em;height:1em}.elementor-widget-text-editor .elementor-drop-cap{float:left;text-align:center;line-height:1;font-size:50px}.elementor-widget-text-editor .elementor-drop-cap-letter{display:inline-block}<\/style>\t\t\t\t<p>N\u00e3o h\u00e1 duas sem tr\u00eas? Bom, a dupla Jo\u00e3o Ferreira \/ Filipe Palmeiro espera que o prov\u00e9rbio popular se confirme, uma vez que, depois de somados dois triunfos em outras tantas corridas ao volante da Toyota Hilux T1+ preparada pela Toyota Gazoo Racing South Africa e SVR, o pr\u00f3ximo desafio \u00e9 o Rally Raid Portugal, quarta ronda do Campeonato do Mundo da categoria, que se realiza entre os dias 23 e 28 de Setembro.<\/p><p>Depois das demonstra\u00e7\u00f5es de consist\u00eancia e competitividade na Baja Aragon e Baja Reguengos de Monsaraz, onde bateu os principais pilotos do Mundo, o piloto de Leiria mostra-se bastante confiante para o pr\u00f3ximo desafio, mas tamb\u00e9m ciente das dificuldades que vai encontrar pelo caminho. <strong>\u201c\u00c9 verdade que estamos numa boa fase, com dois triunfos importantes e que nos deixam a motiva\u00e7\u00e3o em alta. Batemos alguns dos maiores e melhores advers\u00e1rios que vamos encontrar no Rally Raid, mas quando a prova conta para o W2RC todos n\u00f3s puxamos um bocadinho mais pelas nossas capacidades e, por isso, temos de esperar dos mesmos advers\u00e1rios uma r\u00e9plica mais assertiva. Estas provas de cinco dias gerem-se de forma ligeiramente diferente das Bajas tradicionais e todos esses pontos v\u00e3o ser fundamentais para atingirmos o nosso objetivo que \u00e9 vencer o Rally Raid. N\u00e3o nos escondemos da luta, at\u00e9 porque depois do segundo lugar alcan\u00e7ado em 2024 n\u00e3o o pod\u00edamos fazer de outra forma. Vamos lutar, trabalhar e acreditar para que seja poss\u00edvel\u201d,<\/strong> destacou.<\/p><p>O Rally Raid Portugal, prova organizada pelo Autom\u00f3vel Club de Portugal, percorrer\u00e1 as melhores pistas do centro sul do pa\u00eds, entre os dias 23 e 28 de Setembro. Com uma incurs\u00e3o em solo espanhol a prova promete ser decisiva nas contas do Campeonato do Mundo de Rally Raid. O primeiro Bivouac est\u00e1 j\u00e1 a ser instalado em Gr\u00e2ndola e por l\u00e1 ficar\u00e1 at\u00e9 ao pr\u00f3ximo dia 24 de Setembro, momento que a base da prova se muda para Badajoz por dois dias. No dia 27 e 28 de Setembro, s\u00e1bado e domingo, a Doca de Pedrou\u00e7os e o Padr\u00e3o dos Descobrimentos ser\u00e3o palco, respetivamente, da derradeira zona de assist\u00eancia e do p\u00f3dio final.<\/p>\t\t\t\t\t\t<\/div>\n\t\t\t\t<\/div>\n\t\t\t\t\t<\/div>\n\t\t\t\t<\/div>\n\t\t<div class=\"elementor-element elementor-element-7d18535 e-flex e-con-boxed e-con e-parent\" data-id=\"7d18535\" data-element_type=\"container\">\n\t\t\t\t\t<div class=\"e-con-inner\">\n\t\t<div class=\"elementor-element elementor-element-198ba9b e-con-full e-flex e-con e-child\" data-id=\"198ba9b\" data-element_type=\"container\">\n\t\t\t\t<div class=\"elementor-element elementor-element-7e6aedc elementor-widget elementor-widget-image\" data-id=\"7e6aedc\" data-element_type=\"widget\" data-widget_type=\"image.default\">\n\t\t\t\t<div class=\"elementor-widget-container\">\n\t\t\t<style>\/*! elementor - v3.21.0 - 30-04-2024 *\/\n.elementor-widget-image{text-align:center}.elementor-widget-image a{display:inline-block}.elementor-widget-image a img[src$=\".svg\"]{width:48px}.elementor-widget-image img{vertical-align:middle;display:inline-block}<\/style>\t\t\t\t\t\t\t\t\t\t<img fetchpriority=\"high\" decoding=\"async\" width=\"2560\" height=\"1706\" src=\"https:\/\/j-ferreira.pt\/wp-content\/uploads\/2025\/09\/RO25CPTT05REG607-scaled.jpg\" class=\"attachment-full size-full wp-image-4144\" alt=\"\" srcset=\"https:\/\/j-ferreira.pt\/wp-content\/uploads\/2025\/09\/RO25CPTT05REG607-scaled.jpg 2560w, https:\/\/j-ferreira.pt\/wp-content\/uploads\/2025\/09\/RO25CPTT05REG607-300x200.jpg 300w, https:\/\/j-ferreira.pt\/wp-content\/uploads\/2025\/09\/RO25CPTT05REG607-1024x683.jpg 1024w, https:\/\/j-ferreira.pt\/wp-content\/uploads\/2025\/09\/RO25CPTT05REG607-768x512.jpg 768w, https:\/\/j-ferreira.pt\/wp-content\/uploads\/2025\/09\/RO25CPTT05REG607-1536x1024.jpg 1536w, https:\/\/j-ferreira.pt\/wp-content\/uploads\/2025\/09\/RO25CPTT05REG607-2048x1365.jpg 2048w, https:\/\/j-ferreira.pt\/wp-content\/uploads\/2025\/09\/RO25CPTT05REG607-18x12.jpg 18w, https:\/\/j-ferreira.pt\/wp-content\/uploads\/2025\/09\/RO25CPTT05REG607-600x400.jpg 600w\" sizes=\"(max-width: 2560px) 100vw, 2560px\" \/>\t\t\t\t\t\t\t\t\t\t\t\t\t<\/div>\n\t\t\t\t<\/div>\n\t\t\t\t<\/div>\n\t\t<div class=\"elementor-element elementor-element-3c481eb e-con-full e-flex e-con e-child\" data-id=\"3c481eb\" data-element_type=\"container\">\n\t\t\t\t<div class=\"elementor-element elementor-element-89b77ff elementor-widget elementor-widget-image\" data-id=\"89b77ff\" data-element_type=\"widget\" data-widget_type=\"image.default\">\n\t\t\t\t<div class=\"elementor-widget-container\">\n\t\t\t\t\t\t\t\t\t\t\t\t\t<img decoding=\"async\" width=\"1600\" height=\"1067\" src=\"https:\/\/j-ferreira.pt\/wp-content\/uploads\/2025\/07\/RO25ARAGON712.jpg\" class=\"attachment-full size-full wp-image-3722\" alt=\"\" srcset=\"https:\/\/j-ferreira.pt\/wp-content\/uploads\/2025\/07\/RO25ARAGON712.jpg 1600w, https:\/\/j-ferreira.pt\/wp-content\/uploads\/2025\/07\/RO25ARAGON712-300x200.jpg 300w, https:\/\/j-ferreira.pt\/wp-content\/uploads\/2025\/07\/RO25ARAGON712-1024x683.jpg 1024w, https:\/\/j-ferreira.pt\/wp-content\/uploads\/2025\/07\/RO25ARAGON712-768x512.jpg 768w, https:\/\/j-ferreira.pt\/wp-content\/uploads\/2025\/07\/RO25ARAGON712-1536x1024.jpg 1536w, https:\/\/j-ferreira.pt\/wp-content\/uploads\/2025\/07\/RO25ARAGON712-18x12.jpg 18w, https:\/\/j-ferreira.pt\/wp-content\/uploads\/2025\/07\/RO25ARAGON712-600x400.jpg 600w\" sizes=\"(max-width: 1600px) 100vw, 1600px\" \/>\t\t\t\t\t\t\t\t\t\t\t\t\t<\/div>\n\t\t\t\t<\/div>\n\t\t\t\t<\/div>\n\t\t\t\t\t<\/div>\n\t\t\t\t<\/div>\n\t\t\t\t<\/div>","protected":false},"excerpt":{"rendered":"<p>N\u00e3o h\u00e1 duas sem tr\u00eas? Bom, a dupla Jo\u00e3o Ferreira \/ Filipe Palmeiro espera que o prov\u00e9rbio popular se confirme, uma vez que, depois de somados dois triunfos em outras tantas corridas ao volante da Toyota Hilux T1+ preparada pela Toyota Gazoo Racing South Africa e SVR, o pr\u00f3ximo desafio \u00e9 o Rally Raid Portugal, [&hellip;]<\/p>","protected":false},"author":2,"featured_media":4144,"comment_status":"closed","ping_status":"closed","sticky":false,"template":"","format":"standard","meta":{"footnotes":""},"categories":[1],"tags":[],"class_list":["post-4398","post","type-post","status-publish","format-standard","has-post-thumbnail","hentry","category-uncategorized"],"_links":{"self":[{"href":"https:\/\/j-ferreira.pt\/en\/wp-json\/wp\/v2\/posts\/4398","targetHints":{"allow":["GET"]}}],"collection":[{"href":"https:\/\/j-ferreira.pt\/en\/wp-json\/wp\/v2\/posts"}],"about":[{"href":"https:\/\/j-ferreira.pt\/en\/wp-json\/wp\/v2\/types\/post"}],"author":[{"embeddable":true,"href":"https:\/\/j-ferreira.pt\/en\/wp-json\/wp\/v2\/users\/2"}],"replies":[{"embeddable":true,"href":"https:\/\/j-ferreira.pt\/en\/wp-json\/wp\/v2\/comments?post=4398"}],"version-history":[{"count":4,"href":"https:\/\/j-ferreira.pt\/en\/wp-json\/wp\/v2\/posts\/4398\/revisions"}],"predecessor-version":[{"id":4402,"href":"https:\/\/j-ferreira.pt\/en\/wp-json\/wp\/v2\/posts\/4398\/revisions\/4402"}],"wp:featuredmedia":[{"embeddable":true,"href":"https:\/\/j-ferreira.pt\/en\/wp-json\/wp\/v2\/media\/4144"}],"wp:attachment":[{"href":"https:\/\/j-ferreira.pt\/en\/wp-json\/wp\/v2\/media?parent=4398"}],"wp:term":[{"taxonomy":"category","embeddable":true,"href":"https:\/\/j-ferreira.pt\/en\/wp-json\/wp\/v2\/categories?post=4398"},{"taxonomy":"post_tag","embeddable":true,"href":"https:\/\/j-ferreira.pt\/en\/wp-json\/wp\/v2\/tags?post=4398"}],"curies":[{"name":"wp","href":"https:\/\/api.w.org\/{rel}","templated":true}]}}