{"id":4141,"date":"2025-09-16T08:25:00","date_gmt":"2025-09-16T08:25:00","guid":{"rendered":"https:\/\/j-ferreira.pt\/?p=4141"},"modified":"2026-04-22T10:34:39","modified_gmt":"2026-04-22T10:34:39","slug":"joao-ferreira-vence-baja-sharish-superando-adversarios-de-renome-internacional","status":"publish","type":"post","link":"https:\/\/j-ferreira.pt\/en\/joao-ferreira-vence-baja-sharish-superando-adversarios-de-renome-internacional\/","title":{"rendered":"Jo\u00e3o Ferreira vence Baja Sharish superando advers\u00e1rios de renome internacional"},"content":{"rendered":"<div data-elementor-type=\"wp-post\" data-elementor-id=\"4141\" class=\"elementor elementor-4141\" data-elementor-post-type=\"post\">\n\t\t\t\t<div class=\"elementor-element elementor-element-38ac9c9b e-flex e-con-boxed e-con e-parent\" data-id=\"38ac9c9b\" data-element_type=\"container\">\n\t\t\t\t\t<div class=\"e-con-inner\">\n\t\t\t\t<div class=\"elementor-element elementor-element-366572ce elementor-widget elementor-widget-text-editor\" data-id=\"366572ce\" data-element_type=\"widget\" data-widget_type=\"text-editor.default\">\n\t\t\t\t<div class=\"elementor-widget-container\">\n\t\t\t<style>\/*! elementor - v3.21.0 - 30-04-2024 *\/\n.elementor-widget-text-editor.elementor-drop-cap-view-stacked .elementor-drop-cap{background-color:#69727d;color:#fff}.elementor-widget-text-editor.elementor-drop-cap-view-framed .elementor-drop-cap{color:#69727d;border:3px solid;background-color:transparent}.elementor-widget-text-editor:not(.elementor-drop-cap-view-default) .elementor-drop-cap{margin-top:8px}.elementor-widget-text-editor:not(.elementor-drop-cap-view-default) .elementor-drop-cap-letter{width:1em;height:1em}.elementor-widget-text-editor .elementor-drop-cap{float:left;text-align:center;line-height:1;font-size:50px}.elementor-widget-text-editor .elementor-drop-cap-letter{display:inline-block}<\/style>\t\t\t\t<p>A dupla Jo\u00e3o Ferreira \/ Filipe Palmeiro alcan\u00e7ou este fim de semana a segunda vit\u00f3ria consecutiva ao volante da Toyota Hilux T1+ preparada pela Toyota Gazoo Racing South Africa e SVR, ao triunfar na Baja TT Sharish \u2013 Reguengos\/Mour\u00e3o quinta ronda do Campeonato de Portugal de Todo-o-Terreno.<\/p><p>Em mais uma demonstra\u00e7\u00e3o de consist\u00eancia e competitividade, e apesar de n\u00e3o ter vencido o desde o pr\u00f3logo, o piloto de Leiria manteve sempre um ritmo elevado, respondendo de forma s\u00f3lida \u00e0 forte concorr\u00eancia internacional. No s\u00e1bado, Ferreira e Palmeiro atacaram e terminaram o dia em luta direta com Guillaume de M\u00e9vius e Mathieu Baumel, advers\u00e1rios de grande experi\u00eancia. J\u00e1 no domingo, a dupla portuguesa imprimiu um andamento forte no setor seletivo decisivo, garantindo a vit\u00f3ria final com 1 minuto e 49,9 segundos de vantagem.<\/p><p><strong>\u201cFoi uma prova extremamente dura, com temperaturas elevadas e advers\u00e1rios de grande n\u00edvel, mas conseguimos impor o nosso ritmo desde cedo. O Filipe esteve irrepreens\u00edvel na navega\u00e7\u00e3o e a equipa voltou a dar-nos um carro perfeito. Estamos muito felizes com esta vit\u00f3ria, que nos deixa confiantes para o que falta nesta temporada. <\/strong><strong>Tem sido um in\u00edcio perfeito de liga\u00e7\u00e3o com a Toyota Gazoo Racing South Africa e SVR e acho que estamos bem preparados para a corrida que se aproxima do Campeonato do Mundo, que se disputa c\u00e1 em Portugal, com in\u00edcio em Gr\u00e2ndola e um grande final em Lisboa. Vai ser uma semana muito dura, v\u00e3o estar presentes os melhores pilotos do mundo, alguns que j\u00e1 venceram v\u00e1rias vezes o Dakar. O ano passado acabamos em segundo, por isso este ano o \u00fanico objetivo s\u00f3 poder\u00e1 ser vencer a prova\u201d, <\/strong>afirmou Jo\u00e3o Ferreira.<\/p><p>O Rally Raid Portugal, prova organizada pelo Automovel Club de Portugal, percorrer\u00e1 as melhores pistas do centro sul do pa\u00eds, entre os dias 23 e 28 de Setembro. Com uma incurs\u00e3o em solo espanhol a prova promete ser decisiva nas contas do Campeonato do Mundo de Rally Raid.<\/p>\t\t\t\t\t\t<\/div>\n\t\t\t\t<\/div>\n\t\t\t\t\t<\/div>\n\t\t\t\t<\/div>\n\t\t<div class=\"elementor-element elementor-element-7d18535 e-flex e-con-boxed e-con e-parent\" data-id=\"7d18535\" data-element_type=\"container\">\n\t\t\t\t\t<div class=\"e-con-inner\">\n\t\t<div class=\"elementor-element elementor-element-198ba9b e-con-full e-flex e-con e-child\" data-id=\"198ba9b\" data-element_type=\"container\">\n\t\t\t\t<div class=\"elementor-element elementor-element-7e6aedc elementor-widget elementor-widget-image\" data-id=\"7e6aedc\" data-element_type=\"widget\" data-widget_type=\"image.default\">\n\t\t\t\t<div class=\"elementor-widget-container\">\n\t\t\t<style>\/*! elementor - v3.21.0 - 30-04-2024 *\/\n.elementor-widget-image{text-align:center}.elementor-widget-image a{display:inline-block}.elementor-widget-image a img[src$=\".svg\"]{width:48px}.elementor-widget-image img{vertical-align:middle;display:inline-block}<\/style>\t\t\t\t\t\t\t\t\t\t<img fetchpriority=\"high\" decoding=\"async\" width=\"2560\" height=\"1706\" src=\"https:\/\/j-ferreira.pt\/wp-content\/uploads\/2025\/09\/RO25CPTT05REG607-scaled.jpg\" class=\"attachment-full size-full wp-image-4144\" alt=\"\" srcset=\"https:\/\/j-ferreira.pt\/wp-content\/uploads\/2025\/09\/RO25CPTT05REG607-scaled.jpg 2560w, https:\/\/j-ferreira.pt\/wp-content\/uploads\/2025\/09\/RO25CPTT05REG607-300x200.jpg 300w, https:\/\/j-ferreira.pt\/wp-content\/uploads\/2025\/09\/RO25CPTT05REG607-1024x683.jpg 1024w, https:\/\/j-ferreira.pt\/wp-content\/uploads\/2025\/09\/RO25CPTT05REG607-768x512.jpg 768w, https:\/\/j-ferreira.pt\/wp-content\/uploads\/2025\/09\/RO25CPTT05REG607-1536x1024.jpg 1536w, https:\/\/j-ferreira.pt\/wp-content\/uploads\/2025\/09\/RO25CPTT05REG607-2048x1365.jpg 2048w, https:\/\/j-ferreira.pt\/wp-content\/uploads\/2025\/09\/RO25CPTT05REG607-18x12.jpg 18w, https:\/\/j-ferreira.pt\/wp-content\/uploads\/2025\/09\/RO25CPTT05REG607-600x400.jpg 600w\" sizes=\"(max-width: 2560px) 100vw, 2560px\" \/>\t\t\t\t\t\t\t\t\t\t\t\t\t<\/div>\n\t\t\t\t<\/div>\n\t\t\t\t<\/div>\n\t\t<div class=\"elementor-element elementor-element-3c481eb e-con-full e-flex e-con e-child\" data-id=\"3c481eb\" data-element_type=\"container\">\n\t\t\t\t<div class=\"elementor-element elementor-element-89b77ff elementor-widget elementor-widget-image\" data-id=\"89b77ff\" data-element_type=\"widget\" data-widget_type=\"image.default\">\n\t\t\t\t<div class=\"elementor-widget-container\">\n\t\t\t\t\t\t\t\t\t\t\t\t\t<img decoding=\"async\" width=\"1600\" height=\"1067\" src=\"https:\/\/j-ferreira.pt\/wp-content\/uploads\/2025\/07\/RO25ARAGON712.jpg\" class=\"attachment-full size-full wp-image-3722\" alt=\"\" srcset=\"https:\/\/j-ferreira.pt\/wp-content\/uploads\/2025\/07\/RO25ARAGON712.jpg 1600w, https:\/\/j-ferreira.pt\/wp-content\/uploads\/2025\/07\/RO25ARAGON712-300x200.jpg 300w, https:\/\/j-ferreira.pt\/wp-content\/uploads\/2025\/07\/RO25ARAGON712-1024x683.jpg 1024w, https:\/\/j-ferreira.pt\/wp-content\/uploads\/2025\/07\/RO25ARAGON712-768x512.jpg 768w, https:\/\/j-ferreira.pt\/wp-content\/uploads\/2025\/07\/RO25ARAGON712-1536x1024.jpg 1536w, https:\/\/j-ferreira.pt\/wp-content\/uploads\/2025\/07\/RO25ARAGON712-18x12.jpg 18w, https:\/\/j-ferreira.pt\/wp-content\/uploads\/2025\/07\/RO25ARAGON712-600x400.jpg 600w\" sizes=\"(max-width: 1600px) 100vw, 1600px\" \/>\t\t\t\t\t\t\t\t\t\t\t\t\t<\/div>\n\t\t\t\t<\/div>\n\t\t\t\t<\/div>\n\t\t\t\t\t<\/div>\n\t\t\t\t<\/div>\n\t\t\t\t<\/div>","protected":false},"excerpt":{"rendered":"<p>A dupla Jo\u00e3o Ferreira \/ Filipe Palmeiro alcan\u00e7ou este fim de semana a segunda vit\u00f3ria consecutiva ao volante da Toyota Hilux T1+ preparada pela Toyota Gazoo Racing South Africa e SVR, ao triunfar na Baja TT Sharish \u2013 Reguengos\/Mour\u00e3o quinta ronda do Campeonato de Portugal de Todo-o-Terreno. Em mais uma demonstra\u00e7\u00e3o de consist\u00eancia e competitividade, [&hellip;]<\/p>","protected":false},"author":2,"featured_media":4143,"comment_status":"closed","ping_status":"closed","sticky":false,"template":"","format":"standard","meta":{"footnotes":""},"categories":[1],"tags":[],"class_list":["post-4141","post","type-post","status-publish","format-standard","has-post-thumbnail","hentry","category-uncategorized"],"_links":{"self":[{"href":"https:\/\/j-ferreira.pt\/en\/wp-json\/wp\/v2\/posts\/4141","targetHints":{"allow":["GET"]}}],"collection":[{"href":"https:\/\/j-ferreira.pt\/en\/wp-json\/wp\/v2\/posts"}],"about":[{"href":"https:\/\/j-ferreira.pt\/en\/wp-json\/wp\/v2\/types\/post"}],"author":[{"embeddable":true,"href":"https:\/\/j-ferreira.pt\/en\/wp-json\/wp\/v2\/users\/2"}],"replies":[{"embeddable":true,"href":"https:\/\/j-ferreira.pt\/en\/wp-json\/wp\/v2\/comments?post=4141"}],"version-history":[{"count":4,"href":"https:\/\/j-ferreira.pt\/en\/wp-json\/wp\/v2\/posts\/4141\/revisions"}],"predecessor-version":[{"id":4147,"href":"https:\/\/j-ferreira.pt\/en\/wp-json\/wp\/v2\/posts\/4141\/revisions\/4147"}],"wp:featuredmedia":[{"embeddable":true,"href":"https:\/\/j-ferreira.pt\/en\/wp-json\/wp\/v2\/media\/4143"}],"wp:attachment":[{"href":"https:\/\/j-ferreira.pt\/en\/wp-json\/wp\/v2\/media?parent=4141"}],"wp:term":[{"taxonomy":"category","embeddable":true,"href":"https:\/\/j-ferreira.pt\/en\/wp-json\/wp\/v2\/categories?post=4141"},{"taxonomy":"post_tag","embeddable":true,"href":"https:\/\/j-ferreira.pt\/en\/wp-json\/wp\/v2\/tags?post=4141"}],"curies":[{"name":"wp","href":"https:\/\/api.w.org\/{rel}","templated":true}]}}