{"id":3705,"date":"2025-07-24T05:05:57","date_gmt":"2025-07-24T05:05:57","guid":{"rendered":"https:\/\/j-ferreira.pt\/?p=3705"},"modified":"2026-04-22T10:34:30","modified_gmt":"2026-04-22T10:34:30","slug":"joao-ferreira-motivado-para-baja-aragon-ao-volante-da-toyota-gr-hilux-t1-evo","status":"publish","type":"post","link":"https:\/\/j-ferreira.pt\/en\/joao-ferreira-motivado-para-baja-aragon-ao-volante-da-toyota-gr-hilux-t1-evo\/","title":{"rendered":"Jo\u00e3o Ferreira motivado para Baja Aragon  ao volante da Toyota GR Hilux T1+ EVO"},"content":{"rendered":"<div data-elementor-type=\"wp-post\" data-elementor-id=\"3705\" class=\"elementor elementor-3705\" data-elementor-post-type=\"post\">\n\t\t\t\t<div class=\"elementor-element elementor-element-38ac9c9b e-flex e-con-boxed e-con e-parent\" data-id=\"38ac9c9b\" data-element_type=\"container\">\n\t\t\t\t\t<div class=\"e-con-inner\">\n\t\t\t\t<div class=\"elementor-element elementor-element-366572ce elementor-widget elementor-widget-text-editor\" data-id=\"366572ce\" data-element_type=\"widget\" data-widget_type=\"text-editor.default\">\n\t\t\t\t<div class=\"elementor-widget-container\">\n\t\t\t<style>\/*! elementor - v3.21.0 - 30-04-2024 *\/\n.elementor-widget-text-editor.elementor-drop-cap-view-stacked .elementor-drop-cap{background-color:#69727d;color:#fff}.elementor-widget-text-editor.elementor-drop-cap-view-framed .elementor-drop-cap{color:#69727d;border:3px solid;background-color:transparent}.elementor-widget-text-editor:not(.elementor-drop-cap-view-default) .elementor-drop-cap{margin-top:8px}.elementor-widget-text-editor:not(.elementor-drop-cap-view-default) .elementor-drop-cap-letter{width:1em;height:1em}.elementor-widget-text-editor .elementor-drop-cap{float:left;text-align:center;line-height:1;font-size:50px}.elementor-widget-text-editor .elementor-drop-cap-letter{display:inline-block}<\/style>\t\t\t\t<p>Jo\u00e3o Ferreira encontra-se motivado para o seu primeiro grande desafio internacional com as cores da Toyota Gazoo Racing South Africa: a m\u00edtica Baja Arag\u00f3n. A prova espanhola, que se disputa entre amanh\u00e3 e domingo, \u00e9 uma das mais emblem\u00e1ticas do calend\u00e1rio da Ta\u00e7a do Mundo FIA de Bajas, e atrai sempre alguns dos melhores pilotos da disciplina como \u00e9 o caso, este ano, de Nasser Al Attiyah e Nani Roma, numa lista de inscritos que conta com 24 viaturas da categoria Ultimate, num total de 93 participantes.<\/p><p>A competir com o apoio t\u00e9cnico da experiente SVR Racing, estrutura respons\u00e1vel por m\u00faltiplas vit\u00f3rias no Dakar e t\u00edtulos consecutivos no W2RC, o jovem piloto portugu\u00eas de Leiria, de apenas 25 anos, volta a enfrentar a elite do todo-o-terreno mundial com ambi\u00e7\u00e3o renovada e um projeto de topo.<\/p><p><strong>&#8220;Esta ser\u00e1 a minha estreia internacional com a Toyota, e n\u00e3o podia estar mais motivado. A Baja Arag\u00f3n \u00e9 uma prova hist\u00f3rica, muito competitiva e com terreno exigente, ideal para continuarmos a evolu\u00e7\u00e3o com a Hilux T1+. Numa prova onde j\u00e1 conto com v\u00e1rias participa\u00e7\u00f5es e que, curiosamente, nunca venci, o objetivo passa por demonstrar que estamos a fazer uma boa adapta\u00e7\u00e3o ao carro, mostrar um bom ritmo competitivo, ganhar confian\u00e7a com o carro e toda a equipa e lutar por um bom resultado frente a advers\u00e1rios de grande n\u00edvel&#8221;,<\/strong> afirmou Jo\u00e3o Ferreira, que ser\u00e1 navegado, como habitualmente, por Filipe Palmeiro. \u201c<strong>Os tr\u00eas dias de testes que tivemos em Portugal vieram demonstrar algum progresso face ao primeiro contacto que tivemos com o carro na \u00c1frica do Sul e isso deixa-me confiante para uma boa Baja Arag\u00f3n\u201d<\/strong>, assinalou.<\/p><p>A Baja Arag\u00f3n, ter\u00e1 como habitualmente o centro nevr\u00e1lgico em Teruel. Em 2025 a prova come\u00e7a com o pr\u00f3logo a disputar-se na tarde de sexta-feira, dia 25, a partir das 16h30 locais. No s\u00e1bado, dia 26, a caravana cumpre duas especiais \u2014 Argente\u2013Cella (7h33) e Torrijo del Campo\u2013Gea de Albarrac\u00edn (15h10), num total de cerca de 335 km cronometrados. No domingo, dia 27, disputam-se a \u00faltima especial, de 133km, com arranque a partir das 11h30 e chegada prevista para o in\u00edcio da tarde, culminando com a cerim\u00f3nia do p\u00f3dio pelas 14h00. Um percurso exigente e variado que colocar\u00e1 \u00e0 prova m\u00e1quinas e pilotos num dos grandes cl\u00e1ssicos do todo-o-terreno europeu e mundial.<\/p>\t\t\t\t\t\t<\/div>\n\t\t\t\t<\/div>\n\t\t\t\t\t<\/div>\n\t\t\t\t<\/div>\n\t\t<div class=\"elementor-element elementor-element-7d18535 e-flex e-con-boxed e-con e-parent\" data-id=\"7d18535\" data-element_type=\"container\">\n\t\t\t\t\t<div class=\"e-con-inner\">\n\t\t<div class=\"elementor-element elementor-element-198ba9b e-con-full e-flex e-con e-child\" data-id=\"198ba9b\" data-element_type=\"container\">\n\t\t\t\t<div class=\"elementor-element elementor-element-7e6aedc elementor-widget elementor-widget-image\" data-id=\"7e6aedc\" data-element_type=\"widget\" data-widget_type=\"image.default\">\n\t\t\t\t<div class=\"elementor-widget-container\">\n\t\t\t<style>\/*! elementor - v3.21.0 - 30-04-2024 *\/\n.elementor-widget-image{text-align:center}.elementor-widget-image a{display:inline-block}.elementor-widget-image a img[src$=\".svg\"]{width:48px}.elementor-widget-image img{vertical-align:middle;display:inline-block}<\/style>\t\t\t\t\t\t\t\t\t\t<img fetchpriority=\"high\" decoding=\"async\" width=\"2048\" height=\"1366\" src=\"https:\/\/j-ferreira.pt\/wp-content\/uploads\/2025\/07\/1.jpg\" class=\"attachment-full size-full wp-image-3711\" alt=\"\" srcset=\"https:\/\/j-ferreira.pt\/wp-content\/uploads\/2025\/07\/1.jpg 2048w, https:\/\/j-ferreira.pt\/wp-content\/uploads\/2025\/07\/1-300x200.jpg 300w, https:\/\/j-ferreira.pt\/wp-content\/uploads\/2025\/07\/1-1024x683.jpg 1024w, https:\/\/j-ferreira.pt\/wp-content\/uploads\/2025\/07\/1-768x512.jpg 768w, https:\/\/j-ferreira.pt\/wp-content\/uploads\/2025\/07\/1-1536x1025.jpg 1536w, https:\/\/j-ferreira.pt\/wp-content\/uploads\/2025\/07\/1-18x12.jpg 18w, https:\/\/j-ferreira.pt\/wp-content\/uploads\/2025\/07\/1-600x400.jpg 600w\" sizes=\"(max-width: 2048px) 100vw, 2048px\" \/>\t\t\t\t\t\t\t\t\t\t\t\t\t<\/div>\n\t\t\t\t<\/div>\n\t\t\t\t<\/div>\n\t\t<div class=\"elementor-element elementor-element-3c481eb e-con-full e-flex e-con e-child\" data-id=\"3c481eb\" data-element_type=\"container\">\n\t\t\t\t<div class=\"elementor-element elementor-element-89b77ff elementor-widget elementor-widget-image\" data-id=\"89b77ff\" data-element_type=\"widget\" data-widget_type=\"image.default\">\n\t\t\t\t<div class=\"elementor-widget-container\">\n\t\t\t\t\t\t\t\t\t\t\t\t\t<img decoding=\"async\" width=\"2048\" height=\"1366\" src=\"https:\/\/j-ferreira.pt\/wp-content\/uploads\/2025\/07\/2.jpg\" class=\"attachment-full size-full wp-image-3712\" alt=\"\" srcset=\"https:\/\/j-ferreira.pt\/wp-content\/uploads\/2025\/07\/2.jpg 2048w, https:\/\/j-ferreira.pt\/wp-content\/uploads\/2025\/07\/2-300x200.jpg 300w, https:\/\/j-ferreira.pt\/wp-content\/uploads\/2025\/07\/2-1024x683.jpg 1024w, https:\/\/j-ferreira.pt\/wp-content\/uploads\/2025\/07\/2-768x512.jpg 768w, https:\/\/j-ferreira.pt\/wp-content\/uploads\/2025\/07\/2-1536x1025.jpg 1536w, https:\/\/j-ferreira.pt\/wp-content\/uploads\/2025\/07\/2-18x12.jpg 18w, https:\/\/j-ferreira.pt\/wp-content\/uploads\/2025\/07\/2-600x400.jpg 600w\" sizes=\"(max-width: 2048px) 100vw, 2048px\" \/>\t\t\t\t\t\t\t\t\t\t\t\t\t<\/div>\n\t\t\t\t<\/div>\n\t\t\t\t<\/div>\n\t\t\t\t\t<\/div>\n\t\t\t\t<\/div>\n\t\t\t\t<\/div>","protected":false},"excerpt":{"rendered":"<p>Jo\u00e3o Ferreira encontra-se motivado para o seu primeiro grande desafio internacional com as cores da Toyota Gazoo Racing South Africa: a m\u00edtica Baja Arag\u00f3n. A prova espanhola, que se disputa entre amanh\u00e3 e domingo, \u00e9 uma das mais emblem\u00e1ticas do calend\u00e1rio da Ta\u00e7a do Mundo FIA de Bajas, e atrai sempre alguns dos melhores pilotos [&hellip;]<\/p>","protected":false},"author":2,"featured_media":3713,"comment_status":"closed","ping_status":"closed","sticky":false,"template":"","format":"standard","meta":{"footnotes":""},"categories":[1],"tags":[],"class_list":["post-3705","post","type-post","status-publish","format-standard","has-post-thumbnail","hentry","category-uncategorized"],"_links":{"self":[{"href":"https:\/\/j-ferreira.pt\/en\/wp-json\/wp\/v2\/posts\/3705","targetHints":{"allow":["GET"]}}],"collection":[{"href":"https:\/\/j-ferreira.pt\/en\/wp-json\/wp\/v2\/posts"}],"about":[{"href":"https:\/\/j-ferreira.pt\/en\/wp-json\/wp\/v2\/types\/post"}],"author":[{"embeddable":true,"href":"https:\/\/j-ferreira.pt\/en\/wp-json\/wp\/v2\/users\/2"}],"replies":[{"embeddable":true,"href":"https:\/\/j-ferreira.pt\/en\/wp-json\/wp\/v2\/comments?post=3705"}],"version-history":[{"count":7,"href":"https:\/\/j-ferreira.pt\/en\/wp-json\/wp\/v2\/posts\/3705\/revisions"}],"predecessor-version":[{"id":3716,"href":"https:\/\/j-ferreira.pt\/en\/wp-json\/wp\/v2\/posts\/3705\/revisions\/3716"}],"wp:featuredmedia":[{"embeddable":true,"href":"https:\/\/j-ferreira.pt\/en\/wp-json\/wp\/v2\/media\/3713"}],"wp:attachment":[{"href":"https:\/\/j-ferreira.pt\/en\/wp-json\/wp\/v2\/media?parent=3705"}],"wp:term":[{"taxonomy":"category","embeddable":true,"href":"https:\/\/j-ferreira.pt\/en\/wp-json\/wp\/v2\/categories?post=3705"},{"taxonomy":"post_tag","embeddable":true,"href":"https:\/\/j-ferreira.pt\/en\/wp-json\/wp\/v2\/tags?post=3705"}],"curies":[{"name":"wp","href":"https:\/\/api.w.org\/{rel}","templated":true}]}}