{"id":3648,"date":"2025-05-04T06:41:07","date_gmt":"2025-05-04T06:41:07","guid":{"rendered":"https:\/\/j-ferreira.pt\/?p=3648"},"modified":"2026-04-22T10:34:06","modified_gmt":"2026-04-22T10:34:06","slug":"joao-ferreira-triunfa-na-baja-extremadura-2025-com-mini-jcw-rally-3-0i","status":"publish","type":"post","link":"https:\/\/j-ferreira.pt\/en\/joao-ferreira-triunfa-na-baja-extremadura-2025-com-mini-jcw-rally-3-0i\/","title":{"rendered":"Jo\u00e3o\u202fFerreira triunfa na Baja Extremadura 2025 com MINI JCW Rally\u00a03.0i"},"content":{"rendered":"<div data-elementor-type=\"wp-post\" data-elementor-id=\"3648\" class=\"elementor elementor-3648\" data-elementor-post-type=\"post\">\n\t\t\t\t<div class=\"elementor-element elementor-element-38ac9c9b e-flex e-con-boxed e-con e-parent\" data-id=\"38ac9c9b\" data-element_type=\"container\">\n\t\t\t\t\t<div class=\"e-con-inner\">\n\t\t\t\t<div class=\"elementor-element elementor-element-366572ce elementor-widget elementor-widget-text-editor\" data-id=\"366572ce\" data-element_type=\"widget\" data-widget_type=\"text-editor.default\">\n\t\t\t\t<div class=\"elementor-widget-container\">\n\t\t\t<style>\/*! elementor - v3.21.0 - 30-04-2024 *\/\n.elementor-widget-text-editor.elementor-drop-cap-view-stacked .elementor-drop-cap{background-color:#69727d;color:#fff}.elementor-widget-text-editor.elementor-drop-cap-view-framed .elementor-drop-cap{color:#69727d;border:3px solid;background-color:transparent}.elementor-widget-text-editor:not(.elementor-drop-cap-view-default) .elementor-drop-cap{margin-top:8px}.elementor-widget-text-editor:not(.elementor-drop-cap-view-default) .elementor-drop-cap-letter{width:1em;height:1em}.elementor-widget-text-editor .elementor-drop-cap{float:left;text-align:center;line-height:1;font-size:50px}.elementor-widget-text-editor .elementor-drop-cap-letter{display:inline-block}<\/style>\t\t\t\t<p data-start=\"294\" data-end=\"516\">Jo\u00e3o Ferreira e Filipe Palmeiro venceram este fim de semana a Baja TT Dehesa Extremadura 2025, prova de abertura da FIA European Baja Cup, assinando uma estreia de sonho com o novo MINI JCW Rally 3.0i a gasolina da X-Raid.<\/p><p data-start=\"518\" data-end=\"960\">A dupla portuguesa demonstrou ritmo forte, consist\u00eancia e navega\u00e7\u00e3o precisa ao longo das tr\u00eas etapas da prova disputada na regi\u00e3o de Badajoz, em Espanha, marcada por condi\u00e7\u00f5es meteorol\u00f3gicas adversas, com chuva intensa, lama e terrenos escorregadios. Ferreira e Palmeiro venceram dois dos tr\u00eas setores seletivos, terminando com uma vantagem de 2 minutos e 28 segundos sobre os mais diretos advers\u00e1rios, num terreno particularmente desafiante.<\/p><p data-start=\"962\" data-end=\"1453\"><b>&#8220;Esta foi a minha primeira vit\u00f3ria com o MINI a gasolina e n\u00e3o podia estar mais satisfeito com a performance do carro e da equipa. As etapas foram muito exigentes, com muita lama e uma navega\u00e7\u00e3o muito t\u00e9cnica. O Filipe esteve brilhante, especialmente no terreno militar, onde foi fundamental manter o rumo certo. Estou muito grato \u00e0 X-Raid por esta oportunidade&#8221;<\/b>, afirmou Jo\u00e3o Ferreira no final da prova, num triunfo que assume especial relev\u00e2ncia por marcar o regresso da X-Raid \u00e0s vit\u00f3rias em Bajas.<\/p><p data-start=\"962\" data-end=\"1453\">Com este triunfo, Jo\u00e3o Ferreira e Filipe Palmeiro somam os primeiros pontos na classifica\u00e7\u00e3o da European Baja Cup, competi\u00e7\u00e3o onde esta temporada n\u00e3o v\u00e3o participar a tempo inteiro, segundo motivados para os pr\u00f3ximos desafios internacionais. A pr\u00f3xima paragem ser\u00e1 a ronda sul-africana do World Rally-Raid Championship (W2RC), onde a dupla volta a alinha na viatura movida a combust\u00edvel 100% Renov\u00e1vel da Repsol Portugal.<\/p>\t\t\t\t\t\t<\/div>\n\t\t\t\t<\/div>\n\t\t\t\t\t<\/div>\n\t\t\t\t<\/div>\n\t\t<div class=\"elementor-element elementor-element-7d18535 e-flex e-con-boxed e-con e-parent\" data-id=\"7d18535\" data-element_type=\"container\">\n\t\t\t\t\t<div class=\"e-con-inner\">\n\t\t<div class=\"elementor-element elementor-element-198ba9b e-con-full e-flex e-con e-child\" data-id=\"198ba9b\" data-element_type=\"container\">\n\t\t\t\t<div class=\"elementor-element elementor-element-7e6aedc elementor-widget elementor-widget-image\" data-id=\"7e6aedc\" data-element_type=\"widget\" data-widget_type=\"image.default\">\n\t\t\t\t<div class=\"elementor-widget-container\">\n\t\t\t<style>\/*! elementor - v3.21.0 - 30-04-2024 *\/\n.elementor-widget-image{text-align:center}.elementor-widget-image a{display:inline-block}.elementor-widget-image a img[src$=\".svg\"]{width:48px}.elementor-widget-image img{vertical-align:middle;display:inline-block}<\/style>\t\t\t\t\t\t\t\t\t\t<img fetchpriority=\"high\" decoding=\"async\" width=\"1439\" height=\"960\" src=\"https:\/\/j-ferreira.pt\/wp-content\/uploads\/2025\/05\/2-1.jpg\" class=\"attachment-full size-full wp-image-3654\" alt=\"\" srcset=\"https:\/\/j-ferreira.pt\/wp-content\/uploads\/2025\/05\/2-1.jpg 1439w, https:\/\/j-ferreira.pt\/wp-content\/uploads\/2025\/05\/2-1-300x200.jpg 300w, https:\/\/j-ferreira.pt\/wp-content\/uploads\/2025\/05\/2-1-1024x683.jpg 1024w, https:\/\/j-ferreira.pt\/wp-content\/uploads\/2025\/05\/2-1-768x512.jpg 768w, https:\/\/j-ferreira.pt\/wp-content\/uploads\/2025\/05\/2-1-18x12.jpg 18w, https:\/\/j-ferreira.pt\/wp-content\/uploads\/2025\/05\/2-1-600x400.jpg 600w\" sizes=\"(max-width: 1439px) 100vw, 1439px\" \/>\t\t\t\t\t\t\t\t\t\t\t\t\t<\/div>\n\t\t\t\t<\/div>\n\t\t\t\t<\/div>\n\t\t<div class=\"elementor-element elementor-element-3c481eb e-con-full e-flex e-con e-child\" data-id=\"3c481eb\" data-element_type=\"container\">\n\t\t\t\t<div class=\"elementor-element elementor-element-89b77ff elementor-widget elementor-widget-image\" data-id=\"89b77ff\" data-element_type=\"widget\" data-widget_type=\"image.default\">\n\t\t\t\t<div class=\"elementor-widget-container\">\n\t\t\t\t\t\t\t\t\t\t\t\t\t<img decoding=\"async\" width=\"2048\" height=\"1366\" src=\"https:\/\/j-ferreira.pt\/wp-content\/uploads\/2025\/05\/3-1.jpg\" class=\"attachment-full size-full wp-image-3655\" alt=\"\" srcset=\"https:\/\/j-ferreira.pt\/wp-content\/uploads\/2025\/05\/3-1.jpg 2048w, https:\/\/j-ferreira.pt\/wp-content\/uploads\/2025\/05\/3-1-300x200.jpg 300w, https:\/\/j-ferreira.pt\/wp-content\/uploads\/2025\/05\/3-1-1024x683.jpg 1024w, https:\/\/j-ferreira.pt\/wp-content\/uploads\/2025\/05\/3-1-768x512.jpg 768w, https:\/\/j-ferreira.pt\/wp-content\/uploads\/2025\/05\/3-1-1536x1025.jpg 1536w, https:\/\/j-ferreira.pt\/wp-content\/uploads\/2025\/05\/3-1-18x12.jpg 18w, https:\/\/j-ferreira.pt\/wp-content\/uploads\/2025\/05\/3-1-600x400.jpg 600w\" sizes=\"(max-width: 2048px) 100vw, 2048px\" \/>\t\t\t\t\t\t\t\t\t\t\t\t\t<\/div>\n\t\t\t\t<\/div>\n\t\t\t\t<\/div>\n\t\t\t\t\t<\/div>\n\t\t\t\t<\/div>\n\t\t\t\t<\/div>","protected":false},"excerpt":{"rendered":"<p>Jo\u00e3o Ferreira e Filipe Palmeiro venceram este fim de semana a Baja TT Dehesa Extremadura 2025, prova de abertura da FIA European Baja Cup, assinando uma estreia de sonho com o novo MINI JCW Rally 3.0i a gasolina da X-Raid. A dupla portuguesa demonstrou ritmo forte, consist\u00eancia e navega\u00e7\u00e3o precisa ao longo das tr\u00eas etapas [&hellip;]<\/p>","protected":false},"author":2,"featured_media":3653,"comment_status":"closed","ping_status":"closed","sticky":false,"template":"","format":"standard","meta":{"footnotes":""},"categories":[1],"tags":[],"class_list":["post-3648","post","type-post","status-publish","format-standard","has-post-thumbnail","hentry","category-uncategorized"],"_links":{"self":[{"href":"https:\/\/j-ferreira.pt\/en\/wp-json\/wp\/v2\/posts\/3648","targetHints":{"allow":["GET"]}}],"collection":[{"href":"https:\/\/j-ferreira.pt\/en\/wp-json\/wp\/v2\/posts"}],"about":[{"href":"https:\/\/j-ferreira.pt\/en\/wp-json\/wp\/v2\/types\/post"}],"author":[{"embeddable":true,"href":"https:\/\/j-ferreira.pt\/en\/wp-json\/wp\/v2\/users\/2"}],"replies":[{"embeddable":true,"href":"https:\/\/j-ferreira.pt\/en\/wp-json\/wp\/v2\/comments?post=3648"}],"version-history":[{"count":7,"href":"https:\/\/j-ferreira.pt\/en\/wp-json\/wp\/v2\/posts\/3648\/revisions"}],"predecessor-version":[{"id":3658,"href":"https:\/\/j-ferreira.pt\/en\/wp-json\/wp\/v2\/posts\/3648\/revisions\/3658"}],"wp:featuredmedia":[{"embeddable":true,"href":"https:\/\/j-ferreira.pt\/en\/wp-json\/wp\/v2\/media\/3653"}],"wp:attachment":[{"href":"https:\/\/j-ferreira.pt\/en\/wp-json\/wp\/v2\/media?parent=3648"}],"wp:term":[{"taxonomy":"category","embeddable":true,"href":"https:\/\/j-ferreira.pt\/en\/wp-json\/wp\/v2\/categories?post=3648"},{"taxonomy":"post_tag","embeddable":true,"href":"https:\/\/j-ferreira.pt\/en\/wp-json\/wp\/v2\/tags?post=3648"}],"curies":[{"name":"wp","href":"https:\/\/api.w.org\/{rel}","templated":true}]}}