{"id":3639,"date":"2025-05-13T06:31:00","date_gmt":"2025-05-13T06:31:00","guid":{"rendered":"https:\/\/j-ferreira.pt\/?p=3639"},"modified":"2026-04-22T10:34:10","modified_gmt":"2026-04-22T10:34:10","slug":"joao-ferreira-preparado-para-enfrentar-a-terceira-ronda-do-w2rc-na-africa-do-sul","status":"publish","type":"post","link":"https:\/\/j-ferreira.pt\/en\/joao-ferreira-preparado-para-enfrentar-a-terceira-ronda-do-w2rc-na-africa-do-sul\/","title":{"rendered":"Jo\u00e3o Ferreira preparado para enfrentar a terceira ronda do W2RC na \u00c1frica do Sul"},"content":{"rendered":"<div data-elementor-type=\"wp-post\" data-elementor-id=\"3639\" class=\"elementor elementor-3639\" data-elementor-post-type=\"post\">\n\t\t\t\t<div class=\"elementor-element elementor-element-38ac9c9b e-flex e-con-boxed e-con e-parent\" data-id=\"38ac9c9b\" data-element_type=\"container\">\n\t\t\t\t\t<div class=\"e-con-inner\">\n\t\t\t\t<div class=\"elementor-element elementor-element-366572ce elementor-widget elementor-widget-text-editor\" data-id=\"366572ce\" data-element_type=\"widget\" data-widget_type=\"text-editor.default\">\n\t\t\t\t<div class=\"elementor-widget-container\">\n\t\t\t<style>\/*! elementor - v3.21.0 - 30-04-2024 *\/\n.elementor-widget-text-editor.elementor-drop-cap-view-stacked .elementor-drop-cap{background-color:#69727d;color:#fff}.elementor-widget-text-editor.elementor-drop-cap-view-framed .elementor-drop-cap{color:#69727d;border:3px solid;background-color:transparent}.elementor-widget-text-editor:not(.elementor-drop-cap-view-default) .elementor-drop-cap{margin-top:8px}.elementor-widget-text-editor:not(.elementor-drop-cap-view-default) .elementor-drop-cap-letter{width:1em;height:1em}.elementor-widget-text-editor .elementor-drop-cap{float:left;text-align:center;line-height:1;font-size:50px}.elementor-widget-text-editor .elementor-drop-cap-letter{display:inline-block}<\/style>\t\t\t\t<p data-start=\"253\" data-end=\"512\">Depois de um arranque de temporada marcado por consist\u00eancia e bons resultados, Jo\u00e3o Ferreira e Filipe Palmeiro est\u00e3o de regresso ao World Rally-Raid Championship (W2RC) para disputar a terceira ronda da competi\u00e7\u00e3o, que se realiza esta semana na \u00c1frica do Sul.<\/p><p data-start=\"514\" data-end=\"906\">A dupla portuguesa, aos comandos do MINI JCW T1+ da X-Raid, chega \u00e0 prova africana no Top10 da classifica\u00e7\u00e3o geral do campeonato, com 39 pontos somados nas duas primeiras rondas. Ap\u00f3s terem conquistado os t\u00edtulos nacional, europeu e mundial de Todo-o-Terreno na \u00e9poca passada, Jo\u00e3o Ferreira e Filipe Palmeiro mant\u00eam-se focados em consolidar o seu estatuto entre a elite mundial do Rally-Raid.<\/p><p data-start=\"908\" data-end=\"1269\"><strong>\u201cEstamos muito motivados para esta terceira ronda do W2RC. \u00c9 uma prova nova para n\u00f3s, mas temos vindo a preparar-nos com muito empenho e queremos aproveitar ao m\u00e1ximo esta experi\u00eancia. Sabemos que o n\u00edvel competitivo \u00e9 alt\u00edssimo, mas acreditamos que temos o ritmo e o carro para lutar por bons resultados em cada etapa,\u201d<\/strong> afirmou Jo\u00e3o Ferreira, piloto de Leiria.<\/p><p data-start=\"1651\" data-end=\"1873\">Com a viatura a ser assistida pela da X-Raid e com o suporte de parceiros como a Repsol Portugal, que permite \u00e0 equipa competir com combust\u00edvel 100% renov\u00e1vel, Jo\u00e3o Ferreira continua a afirmar-se como uma das grandes promessas do todo-o-terreno internacional.<\/p><p>A terceira ronda do W2RC, o South African Safari Rally, decorre de 18 a 24 de maio e marca a estreia da \u00c1frica do Sul no calend\u00e1rio do campeonato. Com base operacional em Sun City, na prov\u00edncia de North West, a prova atravessa tamb\u00e9m zonas do Limpopo, totalizando cerca de 1.200 km cronometrados em mais de 2.600 km de percurso. O rali inclui um pr\u00f3logo e cinco etapas, destacando-se uma exigente etapa maratona em que as equipas pernoitam sem assist\u00eancia t\u00e9cnica. Com terreno variado, entre zonas r\u00e1pidas e trilhos t\u00e9cnicos, esta ronda promete ser um verdadeiro teste \u00e0 resist\u00eancia e estrat\u00e9gia das equipas.<\/p>\t\t\t\t\t\t<\/div>\n\t\t\t\t<\/div>\n\t\t\t\t\t<\/div>\n\t\t\t\t<\/div>\n\t\t<div class=\"elementor-element elementor-element-7d18535 e-flex e-con-boxed e-con e-parent\" data-id=\"7d18535\" data-element_type=\"container\">\n\t\t\t\t\t<div class=\"e-con-inner\">\n\t\t<div class=\"elementor-element elementor-element-198ba9b e-con-full e-flex e-con e-child\" data-id=\"198ba9b\" data-element_type=\"container\">\n\t\t\t\t<div class=\"elementor-element elementor-element-7e6aedc elementor-widget elementor-widget-image\" data-id=\"7e6aedc\" data-element_type=\"widget\" data-widget_type=\"image.default\">\n\t\t\t\t<div class=\"elementor-widget-container\">\n\t\t\t<style>\/*! elementor - v3.21.0 - 30-04-2024 *\/\n.elementor-widget-image{text-align:center}.elementor-widget-image a{display:inline-block}.elementor-widget-image a img[src$=\".svg\"]{width:48px}.elementor-widget-image img{vertical-align:middle;display:inline-block}<\/style>\t\t\t\t\t\t\t\t\t\t<img fetchpriority=\"high\" decoding=\"async\" width=\"2048\" height=\"1366\" src=\"https:\/\/j-ferreira.pt\/wp-content\/uploads\/2025\/05\/1.jpg\" class=\"attachment-full size-full wp-image-3626\" alt=\"\" srcset=\"https:\/\/j-ferreira.pt\/wp-content\/uploads\/2025\/05\/1.jpg 2048w, https:\/\/j-ferreira.pt\/wp-content\/uploads\/2025\/05\/1-300x200.jpg 300w, https:\/\/j-ferreira.pt\/wp-content\/uploads\/2025\/05\/1-1024x683.jpg 1024w, https:\/\/j-ferreira.pt\/wp-content\/uploads\/2025\/05\/1-768x512.jpg 768w, https:\/\/j-ferreira.pt\/wp-content\/uploads\/2025\/05\/1-1536x1025.jpg 1536w, https:\/\/j-ferreira.pt\/wp-content\/uploads\/2025\/05\/1-18x12.jpg 18w, https:\/\/j-ferreira.pt\/wp-content\/uploads\/2025\/05\/1-600x400.jpg 600w\" sizes=\"(max-width: 2048px) 100vw, 2048px\" \/>\t\t\t\t\t\t\t\t\t\t\t\t\t<\/div>\n\t\t\t\t<\/div>\n\t\t\t\t<\/div>\n\t\t<div class=\"elementor-element elementor-element-3c481eb e-con-full e-flex e-con e-child\" data-id=\"3c481eb\" data-element_type=\"container\">\n\t\t\t\t<div class=\"elementor-element elementor-element-89b77ff elementor-widget elementor-widget-image\" data-id=\"89b77ff\" data-element_type=\"widget\" data-widget_type=\"image.default\">\n\t\t\t\t<div class=\"elementor-widget-container\">\n\t\t\t\t\t\t\t\t\t\t\t\t\t<img decoding=\"async\" width=\"2048\" height=\"1366\" src=\"https:\/\/j-ferreira.pt\/wp-content\/uploads\/2025\/05\/2.jpg\" class=\"attachment-full size-full wp-image-3627\" alt=\"\" srcset=\"https:\/\/j-ferreira.pt\/wp-content\/uploads\/2025\/05\/2.jpg 2048w, https:\/\/j-ferreira.pt\/wp-content\/uploads\/2025\/05\/2-300x200.jpg 300w, https:\/\/j-ferreira.pt\/wp-content\/uploads\/2025\/05\/2-1024x683.jpg 1024w, https:\/\/j-ferreira.pt\/wp-content\/uploads\/2025\/05\/2-768x512.jpg 768w, https:\/\/j-ferreira.pt\/wp-content\/uploads\/2025\/05\/2-1536x1025.jpg 1536w, https:\/\/j-ferreira.pt\/wp-content\/uploads\/2025\/05\/2-18x12.jpg 18w, https:\/\/j-ferreira.pt\/wp-content\/uploads\/2025\/05\/2-600x400.jpg 600w\" sizes=\"(max-width: 2048px) 100vw, 2048px\" \/>\t\t\t\t\t\t\t\t\t\t\t\t\t<\/div>\n\t\t\t\t<\/div>\n\t\t\t\t<\/div>\n\t\t\t\t\t<\/div>\n\t\t\t\t<\/div>\n\t\t\t\t<\/div>","protected":false},"excerpt":{"rendered":"<p>Depois de um arranque de temporada marcado por consist\u00eancia e bons resultados, Jo\u00e3o Ferreira e Filipe Palmeiro est\u00e3o de regresso ao World Rally-Raid Championship (W2RC) para disputar a terceira ronda da competi\u00e7\u00e3o, que se realiza esta semana na \u00c1frica do Sul. A dupla portuguesa, aos comandos do MINI JCW T1+ da X-Raid, chega \u00e0 prova [&hellip;]<\/p>","protected":false},"author":2,"featured_media":3628,"comment_status":"closed","ping_status":"closed","sticky":false,"template":"","format":"standard","meta":{"footnotes":""},"categories":[1],"tags":[],"class_list":["post-3639","post","type-post","status-publish","format-standard","has-post-thumbnail","hentry","category-uncategorized"],"_links":{"self":[{"href":"https:\/\/j-ferreira.pt\/en\/wp-json\/wp\/v2\/posts\/3639","targetHints":{"allow":["GET"]}}],"collection":[{"href":"https:\/\/j-ferreira.pt\/en\/wp-json\/wp\/v2\/posts"}],"about":[{"href":"https:\/\/j-ferreira.pt\/en\/wp-json\/wp\/v2\/types\/post"}],"author":[{"embeddable":true,"href":"https:\/\/j-ferreira.pt\/en\/wp-json\/wp\/v2\/users\/2"}],"replies":[{"embeddable":true,"href":"https:\/\/j-ferreira.pt\/en\/wp-json\/wp\/v2\/comments?post=3639"}],"version-history":[{"count":8,"href":"https:\/\/j-ferreira.pt\/en\/wp-json\/wp\/v2\/posts\/3639\/revisions"}],"predecessor-version":[{"id":3647,"href":"https:\/\/j-ferreira.pt\/en\/wp-json\/wp\/v2\/posts\/3639\/revisions\/3647"}],"wp:featuredmedia":[{"embeddable":true,"href":"https:\/\/j-ferreira.pt\/en\/wp-json\/wp\/v2\/media\/3628"}],"wp:attachment":[{"href":"https:\/\/j-ferreira.pt\/en\/wp-json\/wp\/v2\/media?parent=3639"}],"wp:term":[{"taxonomy":"category","embeddable":true,"href":"https:\/\/j-ferreira.pt\/en\/wp-json\/wp\/v2\/categories?post=3639"},{"taxonomy":"post_tag","embeddable":true,"href":"https:\/\/j-ferreira.pt\/en\/wp-json\/wp\/v2\/tags?post=3639"}],"curies":[{"name":"wp","href":"https:\/\/api.w.org\/{rel}","templated":true}]}}