{"id":2701,"date":"2024-10-04T21:24:52","date_gmt":"2024-10-04T21:24:52","guid":{"rendered":"https:\/\/j-ferreira.pt\/?p=2701"},"modified":"2026-04-22T09:49:51","modified_gmt":"2026-04-22T09:49:51","slug":"rallyedumaroc1","status":"publish","type":"post","link":"https:\/\/j-ferreira.pt\/en\/rallyedumaroc1\/","title":{"rendered":"Jo\u00e3o Ferreira at the Rally du Maroc already thinking about the Dakar Rally 2025"},"content":{"rendered":"<div data-elementor-type=\"wp-post\" data-elementor-id=\"2701\" class=\"elementor elementor-2701\" data-elementor-post-type=\"post\">\n\t\t\t\t<div class=\"elementor-element elementor-element-38ac9c9b e-flex e-con-boxed e-con e-parent\" data-id=\"38ac9c9b\" data-element_type=\"container\">\n\t\t\t\t\t<div class=\"e-con-inner\">\n\t\t\t\t<div class=\"elementor-element elementor-element-366572ce elementor-widget elementor-widget-text-editor\" data-id=\"366572ce\" data-element_type=\"widget\" data-widget_type=\"text-editor.default\">\n\t\t\t\t<div class=\"elementor-widget-container\">\n\t\t\t<style>\/*! elementor - v3.21.0 - 30-04-2024 *\/\n.elementor-widget-text-editor.elementor-drop-cap-view-stacked .elementor-drop-cap{background-color:#69727d;color:#fff}.elementor-widget-text-editor.elementor-drop-cap-view-framed .elementor-drop-cap{color:#69727d;border:3px solid;background-color:transparent}.elementor-widget-text-editor:not(.elementor-drop-cap-view-default) .elementor-drop-cap{margin-top:8px}.elementor-widget-text-editor:not(.elementor-drop-cap-view-default) .elementor-drop-cap-letter{width:1em;height:1em}.elementor-widget-text-editor .elementor-drop-cap{float:left;text-align:center;line-height:1;font-size:50px}.elementor-widget-text-editor .elementor-drop-cap-letter{display:inline-block}<\/style>\t\t\t\t<p>Jo\u00e3o Ferreira and Filipe Palmeiro will begin their participation in the Rally du Maroc this Sunday, the fifth and final round of the World Rally Raid Championship (W2RC). Following positive results in the 2024 Dakar Rally (SSV), Abu Dhabi Desert Challenge (SSV), and Rally Raid Portugal (Ultimate), the Portuguese duo is set to tackle the final round of the championship driving the Mini JCW T1+ (Ultimate) from X-Raid. Their goal is to prepare as best as possible for the Dakar Rally 2025, marking their first participation in the premier class. It\u2019s worth noting that in 2023, Ferreira and Palmeiro won this event driving an SSV, which they later used to compete in this year\u2019s Dakar edition.<\/p><p>\u00a0<\/p><p class=\" translation-block\"><strong>\u201cIt\u2019s a whole new experience, and we want to significantly improve our driving in the dunes in a car from the Ultimate category. Fueled by Repsol's 100% Renewable fuel, we will work to compete on equal footing with the biggest names in the world of off-road racing featured in this incredible entry list. As always, we will give our best and try to take the colors of our flag and all those who support us even further,\u201d<\/strong> explained the 25-year-old driver, who is heading into the third Dakar of his career.<\/p><p>\u00a0<\/p><p>The Rally du Maroc kicks off next Sunday with the Prologue in Marrakech. Until Friday, the drivers and their machines will cover approximately 2000km of timed stages, which is considered by many to be the final major test before the Dakar Rally.<\/p>\t\t\t\t\t\t<\/div>\n\t\t\t\t<\/div>\n\t\t\t\t\t<\/div>\n\t\t\t\t<\/div>\n\t\t<div class=\"elementor-element elementor-element-7d18535 e-flex e-con-boxed e-con e-parent\" data-id=\"7d18535\" data-element_type=\"container\">\n\t\t\t\t\t<div class=\"e-con-inner\">\n\t\t<div class=\"elementor-element elementor-element-198ba9b e-con-full e-flex e-con e-child\" data-id=\"198ba9b\" data-element_type=\"container\">\n\t\t\t\t<div class=\"elementor-element elementor-element-7e6aedc elementor-widget elementor-widget-image\" data-id=\"7e6aedc\" data-element_type=\"widget\" data-widget_type=\"image.default\">\n\t\t\t\t<div class=\"elementor-widget-container\">\n\t\t\t<style>\/*! elementor - v3.21.0 - 30-04-2024 *\/\n.elementor-widget-image{text-align:center}.elementor-widget-image a{display:inline-block}.elementor-widget-image a img[src$=\".svg\"]{width:48px}.elementor-widget-image img{vertical-align:middle;display:inline-block}<\/style>\t\t\t\t\t\t\t\t\t\t<img fetchpriority=\"high\" decoding=\"async\" width=\"2560\" height=\"1707\" src=\"https:\/\/j-ferreira.pt\/wp-content\/uploads\/2024\/10\/M41_0674-scaled.jpg\" class=\"attachment-full size-full wp-image-2703\" alt=\"\" srcset=\"https:\/\/j-ferreira.pt\/wp-content\/uploads\/2024\/10\/M41_0674-scaled.jpg 2560w, https:\/\/j-ferreira.pt\/wp-content\/uploads\/2024\/10\/M41_0674-300x200.jpg 300w, https:\/\/j-ferreira.pt\/wp-content\/uploads\/2024\/10\/M41_0674-1024x683.jpg 1024w, https:\/\/j-ferreira.pt\/wp-content\/uploads\/2024\/10\/M41_0674-768x512.jpg 768w, https:\/\/j-ferreira.pt\/wp-content\/uploads\/2024\/10\/M41_0674-1536x1024.jpg 1536w, https:\/\/j-ferreira.pt\/wp-content\/uploads\/2024\/10\/M41_0674-2048x1366.jpg 2048w, https:\/\/j-ferreira.pt\/wp-content\/uploads\/2024\/10\/M41_0674-18x12.jpg 18w, https:\/\/j-ferreira.pt\/wp-content\/uploads\/2024\/10\/M41_0674-600x400.jpg 600w\" sizes=\"(max-width: 2560px) 100vw, 2560px\" \/>\t\t\t\t\t\t\t\t\t\t\t\t\t<\/div>\n\t\t\t\t<\/div>\n\t\t\t\t<\/div>\n\t\t<div class=\"elementor-element elementor-element-3c481eb e-con-full e-flex e-con e-child\" data-id=\"3c481eb\" data-element_type=\"container\">\n\t\t\t\t<div class=\"elementor-element elementor-element-89b77ff elementor-widget elementor-widget-image\" data-id=\"89b77ff\" data-element_type=\"widget\" data-widget_type=\"image.default\">\n\t\t\t\t<div class=\"elementor-widget-container\">\n\t\t\t\t\t\t\t\t\t\t\t\t\t<img decoding=\"async\" width=\"2560\" height=\"1706\" src=\"https:\/\/j-ferreira.pt\/wp-content\/uploads\/2024\/10\/M41_0163-scaled.jpg\" class=\"attachment-full size-full wp-image-2704\" alt=\"\" srcset=\"https:\/\/j-ferreira.pt\/wp-content\/uploads\/2024\/10\/M41_0163-scaled.jpg 2560w, https:\/\/j-ferreira.pt\/wp-content\/uploads\/2024\/10\/M41_0163-300x200.jpg 300w, https:\/\/j-ferreira.pt\/wp-content\/uploads\/2024\/10\/M41_0163-1024x683.jpg 1024w, https:\/\/j-ferreira.pt\/wp-content\/uploads\/2024\/10\/M41_0163-768x512.jpg 768w, https:\/\/j-ferreira.pt\/wp-content\/uploads\/2024\/10\/M41_0163-1536x1024.jpg 1536w, https:\/\/j-ferreira.pt\/wp-content\/uploads\/2024\/10\/M41_0163-2048x1365.jpg 2048w, https:\/\/j-ferreira.pt\/wp-content\/uploads\/2024\/10\/M41_0163-18x12.jpg 18w, https:\/\/j-ferreira.pt\/wp-content\/uploads\/2024\/10\/M41_0163-600x400.jpg 600w\" sizes=\"(max-width: 2560px) 100vw, 2560px\" \/>\t\t\t\t\t\t\t\t\t\t\t\t\t<\/div>\n\t\t\t\t<\/div>\n\t\t\t\t<\/div>\n\t\t\t\t\t<\/div>\n\t\t\t\t<\/div>\n\t\t\t\t<\/div>","protected":false},"excerpt":{"rendered":"<p>Jo\u00e3o Ferreira e Filipe Palmeiro iniciam este domingo a sua participa\u00e7\u00e3o no Rally du Maroc, quinta e \u00faltima ronda do Campeonato do Mundo de Rally Raid (W2RC). Depois dos positivos resultados no Dakar Rally 2024 (SSV) Abu Dhabi Desert Challenge (SSV) e Rally Raid Portugal (Ultimate), a dupla portuguesa ataca a derradeira ronda do Mundial [&hellip;]<\/p>","protected":false},"author":2,"featured_media":2703,"comment_status":"closed","ping_status":"closed","sticky":false,"template":"","format":"standard","meta":{"footnotes":""},"categories":[1],"tags":[],"class_list":["post-2701","post","type-post","status-publish","format-standard","has-post-thumbnail","hentry","category-uncategorized"],"_links":{"self":[{"href":"https:\/\/j-ferreira.pt\/en\/wp-json\/wp\/v2\/posts\/2701","targetHints":{"allow":["GET"]}}],"collection":[{"href":"https:\/\/j-ferreira.pt\/en\/wp-json\/wp\/v2\/posts"}],"about":[{"href":"https:\/\/j-ferreira.pt\/en\/wp-json\/wp\/v2\/types\/post"}],"author":[{"embeddable":true,"href":"https:\/\/j-ferreira.pt\/en\/wp-json\/wp\/v2\/users\/2"}],"replies":[{"embeddable":true,"href":"https:\/\/j-ferreira.pt\/en\/wp-json\/wp\/v2\/comments?post=2701"}],"version-history":[{"count":4,"href":"https:\/\/j-ferreira.pt\/en\/wp-json\/wp\/v2\/posts\/2701\/revisions"}],"predecessor-version":[{"id":2707,"href":"https:\/\/j-ferreira.pt\/en\/wp-json\/wp\/v2\/posts\/2701\/revisions\/2707"}],"wp:featuredmedia":[{"embeddable":true,"href":"https:\/\/j-ferreira.pt\/en\/wp-json\/wp\/v2\/media\/2703"}],"wp:attachment":[{"href":"https:\/\/j-ferreira.pt\/en\/wp-json\/wp\/v2\/media?parent=2701"}],"wp:term":[{"taxonomy":"category","embeddable":true,"href":"https:\/\/j-ferreira.pt\/en\/wp-json\/wp\/v2\/categories?post=2701"},{"taxonomy":"post_tag","embeddable":true,"href":"https:\/\/j-ferreira.pt\/en\/wp-json\/wp\/v2\/tags?post=2701"}],"curies":[{"name":"wp","href":"https:\/\/api.w.org\/{rel}","templated":true}]}}