{"id":167,"date":"2024-02-10T16:16:24","date_gmt":"2024-02-10T16:16:24","guid":{"rendered":"https:\/\/j-ferreira.pt\/?p=167"},"modified":"2026-04-22T09:49:02","modified_gmt":"2026-04-22T09:49:02","slug":"news16","status":"publish","type":"post","link":"https:\/\/j-ferreira.pt\/en\/news16\/","title":{"rendered":"Jo\u00e3o Ferreira vence derradeira etapa e sobe ao p\u00f3dio na primeira ronda da Ta\u00e7a do Mundo de Bajas"},"content":{"rendered":"<div data-elementor-type=\"wp-post\" data-elementor-id=\"167\" class=\"elementor elementor-167\" data-elementor-post-type=\"post\">\n\t\t\t\t<div class=\"elementor-element elementor-element-60ffcfb5 e-flex e-con-boxed e-con e-parent\" data-id=\"60ffcfb5\" data-element_type=\"container\">\n\t\t\t\t\t<div class=\"e-con-inner\">\n\t\t\t\t<div class=\"elementor-element elementor-element-7009ac80 elementor-widget elementor-widget-text-editor\" data-id=\"7009ac80\" data-element_type=\"widget\" data-widget_type=\"text-editor.default\">\n\t\t\t\t<div class=\"elementor-widget-container\">\n\t\t\t<style>\/*! elementor - v3.21.0 - 30-04-2024 *\/\n.elementor-widget-text-editor.elementor-drop-cap-view-stacked .elementor-drop-cap{background-color:#69727d;color:#fff}.elementor-widget-text-editor.elementor-drop-cap-view-framed .elementor-drop-cap{color:#69727d;border:3px solid;background-color:transparent}.elementor-widget-text-editor:not(.elementor-drop-cap-view-default) .elementor-drop-cap{margin-top:8px}.elementor-widget-text-editor:not(.elementor-drop-cap-view-default) .elementor-drop-cap-letter{width:1em;height:1em}.elementor-widget-text-editor .elementor-drop-cap{float:left;text-align:center;line-height:1;font-size:50px}.elementor-widget-text-editor .elementor-drop-cap-letter{display:inline-block}<\/style>\t\t\t\t<!-- wp:paragraph -->\n<p>A dupla portuguesa Jo\u00e3o Ferreira e Filipe Palmeiro garantiu esta manh\u00e3 o segundo lugar \u00e0 Geral na primeira ronda da Ta\u00e7a do Mundo de Bajas, depois de vencer a segunda e derradeira etapa da Saudi Baja Ha\u2019il. Depois de no ano passado ter terminado a competi\u00e7\u00e3o organizada pela FIA no terceiro lugar, Jo\u00e3o Ferreira apostou este ano em marcar presen\u00e7a logo na primeira ronda e, diante de advers\u00e1rios mais experientes, demonstrou o potencial que todos lhe reconhecem vencendo a especial de hoje com uma confort\u00e1vel vantagem que, por pouco, n\u00e3o lhe deu a vit\u00f3ria na prova. O piloto de Leiria recuperou mais de 6 minutos para o l\u00edder e terminou a apenas 38 segundos do saudida, Yazeed Al Rahji.<\/p>\n<p><strong>\u201cA sensa\u00e7\u00e3o \u00e9 incr\u00edvel! Partimos para esta prova com ambi\u00e7\u00f5es muito claras de evoluir a nossa condu\u00e7\u00e3o em dunas com o MINI. Ontem sofremos um pouco com uma m\u00e1 escolha de Setup dos amortecedores, mas percebemos rapidamente que pod\u00edamos ter feito muito melhor. Hoje a equipa fez um trabalho incr\u00edvel, o Filipe voltou a estar a grande n\u00edvel na navega\u00e7\u00e3o e conseguimos fazer uma especial de grande qualidade, que nos orgulha muito e que quase dava para voltarmos a Portugal com um triunfo. Acima de tudo, regressamos a casa com o trabalho a que nos t\u00ednhamos proposto realizado e isso \u00e9 mesmo o mais importante\u201d,<\/strong> explicou o piloto de 24 anos que, recentemente, terminou o Dakar 2024 na quinta posi\u00e7\u00e3o da categoria SSV.<\/p>\n<p>O Hail Toyota International Rally, como \u00e9 denominada oficialmente a Saudi Baja Ha\u2019il foi a primeira ronda da Ta\u00e7a do Mundo que passar\u00e1 por Portugal, em meados de Outubro, a quando a realiza\u00e7\u00e3o da Baja Portalegre 500, prova que Jo\u00e3o Ferreira venceu nos \u00faltimos dois anos. Recorde-se que para este ano Jo\u00e3o Ferreira tem como ambi\u00e7\u00e3o primordial, o triunfo no Campeonato do Mundo de Todo-o-Terreno (W2RC), n\u00e3o descartando uma participa\u00e7\u00e3o mais regular nesta exigente Ta\u00e7a do Mundo de Bajas.<\/p>\n<!-- \/wp:paragraph -->\t\t\t\t\t\t<\/div>\n\t\t\t\t<\/div>\n\t\t\t\t\t<\/div>\n\t\t\t\t<\/div>\n\t\t\t\t<\/div>","protected":false},"excerpt":{"rendered":"<p>A dupla portuguesa Jo\u00e3o Ferreira e Filipe Palmeiro garantiu esta manh\u00e3 o segundo lugar \u00e0 Geral na primeira ronda da Ta\u00e7a do Mundo de Bajas, depois de vencer a segunda e derradeira etapa da Saudi Baja Ha\u2019il. Depois de no ano passado ter terminado a competi\u00e7\u00e3o organizada pela FIA no terceiro lugar, Jo\u00e3o Ferreira apostou [&hellip;]<\/p>","protected":false},"author":2,"featured_media":471,"comment_status":"closed","ping_status":"closed","sticky":false,"template":"","format":"standard","meta":{"footnotes":""},"categories":[1],"tags":[],"class_list":["post-167","post","type-post","status-publish","format-standard","has-post-thumbnail","hentry","category-uncategorized"],"_links":{"self":[{"href":"https:\/\/j-ferreira.pt\/en\/wp-json\/wp\/v2\/posts\/167","targetHints":{"allow":["GET"]}}],"collection":[{"href":"https:\/\/j-ferreira.pt\/en\/wp-json\/wp\/v2\/posts"}],"about":[{"href":"https:\/\/j-ferreira.pt\/en\/wp-json\/wp\/v2\/types\/post"}],"author":[{"embeddable":true,"href":"https:\/\/j-ferreira.pt\/en\/wp-json\/wp\/v2\/users\/2"}],"replies":[{"embeddable":true,"href":"https:\/\/j-ferreira.pt\/en\/wp-json\/wp\/v2\/comments?post=167"}],"version-history":[{"count":5,"href":"https:\/\/j-ferreira.pt\/en\/wp-json\/wp\/v2\/posts\/167\/revisions"}],"predecessor-version":[{"id":474,"href":"https:\/\/j-ferreira.pt\/en\/wp-json\/wp\/v2\/posts\/167\/revisions\/474"}],"wp:featuredmedia":[{"embeddable":true,"href":"https:\/\/j-ferreira.pt\/en\/wp-json\/wp\/v2\/media\/471"}],"wp:attachment":[{"href":"https:\/\/j-ferreira.pt\/en\/wp-json\/wp\/v2\/media?parent=167"}],"wp:term":[{"taxonomy":"category","embeddable":true,"href":"https:\/\/j-ferreira.pt\/en\/wp-json\/wp\/v2\/categories?post=167"},{"taxonomy":"post_tag","embeddable":true,"href":"https:\/\/j-ferreira.pt\/en\/wp-json\/wp\/v2\/tags?post=167"}],"curies":[{"name":"wp","href":"https:\/\/api.w.org\/{rel}","templated":true}]}}