{"id":1658,"date":"2024-08-28T09:01:45","date_gmt":"2024-08-28T09:01:45","guid":{"rendered":"https:\/\/j-ferreira.pt\/?p=1658"},"modified":"2026-04-22T09:49:47","modified_gmt":"2026-04-22T09:49:47","slug":"jf_polonia_","status":"publish","type":"post","link":"https:\/\/j-ferreira.pt\/en\/jf_polonia_\/","title":{"rendered":"Jo\u00e3o Ferreira wins Baja Poland for the Cross-Country World Cup"},"content":{"rendered":"<div data-elementor-type=\"wp-post\" data-elementor-id=\"1658\" class=\"elementor elementor-1658\" data-elementor-post-type=\"post\">\n\t\t\t\t<div class=\"elementor-element elementor-element-38ac9c9b e-flex e-con-boxed e-con e-parent\" data-id=\"38ac9c9b\" data-element_type=\"container\">\n\t\t\t\t\t<div class=\"e-con-inner\">\n\t\t\t\t<div class=\"elementor-element elementor-element-366572ce elementor-widget elementor-widget-text-editor\" data-id=\"366572ce\" data-element_type=\"widget\" data-widget_type=\"text-editor.default\">\n\t\t\t\t<div class=\"elementor-widget-container\">\n\t\t\t<style>\/*! elementor - v3.21.0 - 30-04-2024 *\/\n.elementor-widget-text-editor.elementor-drop-cap-view-stacked .elementor-drop-cap{background-color:#69727d;color:#fff}.elementor-widget-text-editor.elementor-drop-cap-view-framed .elementor-drop-cap{color:#69727d;border:3px solid;background-color:transparent}.elementor-widget-text-editor:not(.elementor-drop-cap-view-default) .elementor-drop-cap{margin-top:8px}.elementor-widget-text-editor:not(.elementor-drop-cap-view-default) .elementor-drop-cap-letter{width:1em;height:1em}.elementor-widget-text-editor .elementor-drop-cap{float:left;text-align:center;line-height:1;font-size:50px}.elementor-widget-text-editor .elementor-drop-cap-letter{display:inline-block}<\/style>\t\t\t\t<p>Jo\u00e3o Ferreira and Filipe Palmeiro, driving a Mini John Cooper Works T1+ from X-Raid, dominated the Baja Poland, winning the Prologue and all four selective sectors, securing victory in the fourth round of the FIA World Cup for Cross-Country Bajas. With this result, the driver from Leiria moves up to second place in the overall standings of the World Cup, now leading the classification among Ultimate category vehicles.<\/p><p>\u00a0<\/p><p class=\" translation-block\"><strong>\u201cThis was an excellent race for us. We were here two years ago and used that knowledge to be fast. The car performed at a high level, as did Filipe and the entire X-Raid team. We managed to win, taking all the special stages and the prologue, which puts us in a very strong position in the overall standings of the World Cup. Our next challenge is in Portugal, the Baja Sharish Reguengos de Monsaraz, where we will, as always, fight for victory in a race that counts for both the National Cross-Country Championship and the European Cup,\u201d<\/strong> explained the young driver from Leiria, co-driven by Filipe Palmeiro.<\/p><p>\u00a0<\/p><p>It is worth noting that, in a season full of races, Jo\u00e3o Ferreira holds second place in the National Cross-Country Championship, even without having participated in the first round of the competition. Internationally, after a very positive Dakar where he fought for victory in the SSV category, Jo\u00e3o Ferreira is in great form, leading the European Cup for Bajas and now, after four of the eight rounds, rising to second place in the World Cup. The next round of this competition will take place in Portugal, at the Baja Portalegre 500.<\/p>\t\t\t\t\t\t<\/div>\n\t\t\t\t<\/div>\n\t\t\t\t\t<\/div>\n\t\t\t\t<\/div>\n\t\t<div class=\"elementor-element elementor-element-7d18535 e-flex e-con-boxed e-con e-parent\" data-id=\"7d18535\" data-element_type=\"container\">\n\t\t\t\t\t<div class=\"e-con-inner\">\n\t\t<div class=\"elementor-element elementor-element-198ba9b e-con-full e-flex e-con e-child\" data-id=\"198ba9b\" data-element_type=\"container\">\n\t\t\t\t<div class=\"elementor-element elementor-element-7e6aedc elementor-widget elementor-widget-image\" data-id=\"7e6aedc\" data-element_type=\"widget\" data-widget_type=\"image.default\">\n\t\t\t\t<div class=\"elementor-widget-container\">\n\t\t\t<style>\/*! elementor - v3.21.0 - 30-04-2024 *\/\n.elementor-widget-image{text-align:center}.elementor-widget-image a{display:inline-block}.elementor-widget-image a img[src$=\".svg\"]{width:48px}.elementor-widget-image img{vertical-align:middle;display:inline-block}<\/style>\t\t\t\t\t\t\t\t\t\t<img fetchpriority=\"high\" decoding=\"async\" width=\"2048\" height=\"1366\" src=\"https:\/\/j-ferreira.pt\/wp-content\/uploads\/2024\/07\/1.jpg\" class=\"attachment-full size-full wp-image-1639\" alt=\"\" srcset=\"https:\/\/j-ferreira.pt\/wp-content\/uploads\/2024\/07\/1.jpg 2048w, https:\/\/j-ferreira.pt\/wp-content\/uploads\/2024\/07\/1-600x400.jpg 600w, https:\/\/j-ferreira.pt\/wp-content\/uploads\/2024\/07\/1-300x200.jpg 300w, https:\/\/j-ferreira.pt\/wp-content\/uploads\/2024\/07\/1-1024x683.jpg 1024w, https:\/\/j-ferreira.pt\/wp-content\/uploads\/2024\/07\/1-768x512.jpg 768w, https:\/\/j-ferreira.pt\/wp-content\/uploads\/2024\/07\/1-1536x1025.jpg 1536w\" sizes=\"(max-width: 2048px) 100vw, 2048px\" \/>\t\t\t\t\t\t\t\t\t\t\t\t\t<\/div>\n\t\t\t\t<\/div>\n\t\t\t\t<\/div>\n\t\t<div class=\"elementor-element elementor-element-3c481eb e-con-full e-flex e-con e-child\" data-id=\"3c481eb\" data-element_type=\"container\">\n\t\t\t\t<div class=\"elementor-element elementor-element-89b77ff elementor-widget elementor-widget-image\" data-id=\"89b77ff\" data-element_type=\"widget\" data-widget_type=\"image.default\">\n\t\t\t\t<div class=\"elementor-widget-container\">\n\t\t\t\t\t\t\t\t\t\t\t\t\t<img decoding=\"async\" width=\"2048\" height=\"1366\" src=\"https:\/\/j-ferreira.pt\/wp-content\/uploads\/2024\/07\/2.jpg\" class=\"attachment-full size-full wp-image-1640\" alt=\"\" srcset=\"https:\/\/j-ferreira.pt\/wp-content\/uploads\/2024\/07\/2.jpg 2048w, https:\/\/j-ferreira.pt\/wp-content\/uploads\/2024\/07\/2-600x400.jpg 600w, https:\/\/j-ferreira.pt\/wp-content\/uploads\/2024\/07\/2-300x200.jpg 300w, https:\/\/j-ferreira.pt\/wp-content\/uploads\/2024\/07\/2-1024x683.jpg 1024w, https:\/\/j-ferreira.pt\/wp-content\/uploads\/2024\/07\/2-768x512.jpg 768w, https:\/\/j-ferreira.pt\/wp-content\/uploads\/2024\/07\/2-1536x1025.jpg 1536w\" sizes=\"(max-width: 2048px) 100vw, 2048px\" \/>\t\t\t\t\t\t\t\t\t\t\t\t\t<\/div>\n\t\t\t\t<\/div>\n\t\t\t\t<\/div>\n\t\t\t\t\t<\/div>\n\t\t\t\t<\/div>\n\t\t\t\t<\/div>","protected":false},"excerpt":{"rendered":"<p>Jo\u00e3o Ferreira e Filipe Palmeiro, aos comandos de um Mini John Cooper Works T1+ da X-Raid, fizeram o pleno na Baja Pol\u00f3nia, triunfando no Prologo e nos quatro setores seletivos, garantindo o triunfo nesta que \u00e9 a quarta ronda da Ta\u00e7a do Mundo de Bajas organizada pela FIA. Com este resultado, o piloto de Leiria [&hellip;]<\/p>","protected":false},"author":2,"featured_media":1660,"comment_status":"closed","ping_status":"closed","sticky":false,"template":"","format":"standard","meta":{"footnotes":""},"categories":[1],"tags":[],"class_list":["post-1658","post","type-post","status-publish","format-standard","has-post-thumbnail","hentry","category-uncategorized"],"_links":{"self":[{"href":"https:\/\/j-ferreira.pt\/en\/wp-json\/wp\/v2\/posts\/1658","targetHints":{"allow":["GET"]}}],"collection":[{"href":"https:\/\/j-ferreira.pt\/en\/wp-json\/wp\/v2\/posts"}],"about":[{"href":"https:\/\/j-ferreira.pt\/en\/wp-json\/wp\/v2\/types\/post"}],"author":[{"embeddable":true,"href":"https:\/\/j-ferreira.pt\/en\/wp-json\/wp\/v2\/users\/2"}],"replies":[{"embeddable":true,"href":"https:\/\/j-ferreira.pt\/en\/wp-json\/wp\/v2\/comments?post=1658"}],"version-history":[{"count":4,"href":"https:\/\/j-ferreira.pt\/en\/wp-json\/wp\/v2\/posts\/1658\/revisions"}],"predecessor-version":[{"id":1663,"href":"https:\/\/j-ferreira.pt\/en\/wp-json\/wp\/v2\/posts\/1658\/revisions\/1663"}],"wp:featuredmedia":[{"embeddable":true,"href":"https:\/\/j-ferreira.pt\/en\/wp-json\/wp\/v2\/media\/1660"}],"wp:attachment":[{"href":"https:\/\/j-ferreira.pt\/en\/wp-json\/wp\/v2\/media?parent=1658"}],"wp:term":[{"taxonomy":"category","embeddable":true,"href":"https:\/\/j-ferreira.pt\/en\/wp-json\/wp\/v2\/categories?post=1658"},{"taxonomy":"post_tag","embeddable":true,"href":"https:\/\/j-ferreira.pt\/en\/wp-json\/wp\/v2\/tags?post=1658"}],"curies":[{"name":"wp","href":"https:\/\/api.w.org\/{rel}","templated":true}]}}