{"id":164,"date":"2024-02-05T16:15:52","date_gmt":"2024-02-05T16:15:52","guid":{"rendered":"https:\/\/j-ferreira.pt\/?p=164"},"modified":"2026-04-22T09:48:58","modified_gmt":"2026-04-22T09:48:58","slug":"news14","status":"publish","type":"post","link":"https:\/\/j-ferreira.pt\/en\/news14\/","title":{"rendered":"Jo\u00e3o Ferreira a caminho da Ar\u00e1bia Saudita  para participar na Baja Ha\u2019il"},"content":{"rendered":"<div data-elementor-type=\"wp-post\" data-elementor-id=\"164\" class=\"elementor elementor-164\" data-elementor-post-type=\"post\">\n\t\t\t\t<div class=\"elementor-element elementor-element-475df942 e-flex e-con-boxed e-con e-parent\" data-id=\"475df942\" data-element_type=\"container\">\n\t\t\t\t\t<div class=\"e-con-inner\">\n\t\t\t\t<div class=\"elementor-element elementor-element-277aa7a2 elementor-widget elementor-widget-text-editor\" data-id=\"277aa7a2\" data-element_type=\"widget\" data-widget_type=\"text-editor.default\">\n\t\t\t\t<div class=\"elementor-widget-container\">\n\t\t\t<style>\/*! elementor - v3.21.0 - 30-04-2024 *\/\n.elementor-widget-text-editor.elementor-drop-cap-view-stacked .elementor-drop-cap{background-color:#69727d;color:#fff}.elementor-widget-text-editor.elementor-drop-cap-view-framed .elementor-drop-cap{color:#69727d;border:3px solid;background-color:transparent}.elementor-widget-text-editor:not(.elementor-drop-cap-view-default) .elementor-drop-cap{margin-top:8px}.elementor-widget-text-editor:not(.elementor-drop-cap-view-default) .elementor-drop-cap-letter{width:1em;height:1em}.elementor-widget-text-editor .elementor-drop-cap{float:left;text-align:center;line-height:1;font-size:50px}.elementor-widget-text-editor .elementor-drop-cap-letter{display:inline-block}<\/style>\t\t\t\t<p><!-- wp:paragraph --><\/p>\n<p>A dupla Jo\u00e3o Ferreira e Filipe Palmeiro que recentemente terminaram com um Top5 o Dakar Rally na categoria SSV, preparam-se para rumar de novo a terras sauditas onde v\u00e3o estar \u00e0 partida da Baja Ha\u2019il, primeira ronda da Ta\u00e7a do Mundo de Cross Country Bajas organizada pela FIA. Agora aos comandos do MINI JCW T1+, o piloto de Leiria vai procurar evoluir na sua condu\u00e7\u00e3o em dunas, desta vez ao volante de uma viatura da categoria Ultimate. Recorde-se que, em 2023, Jo\u00e3o Ferreira foi terceiro classificado na Ta\u00e7a do Mundo, atr\u00e1s de Yazeed Al Rahji e Nasser Al Attiyah.<\/p>\n<p><strong>\u201cQuando preparamos a temporada 2024, e conscientes que vamos tentar estar na luta pelos nossos objetivos com o Can-Am no Campeonato do Mundo (W2RC), decidimos tamb\u00e9m n\u00e3o esquecer a evolu\u00e7\u00e3o ao volante do MINI. Depois de uma conversa com a X-Raid surgiu a possibilidade estarmos j\u00e1 \u00e0 partida da Baja Ha\u2019il, o que \u00e9 muito positivo para n\u00f3s. Sabemos que vamos ter de nos adaptar e aprender muitas coisas novas, mas estamos ainda nessa fase de evolu\u00e7\u00e3o e queremos continuar a crescer enquanto dupla nesta categoria. Para mim ser\u00e1 uma novidade as dunas num carro como o MINI, por isso espera-se um desafio muito giro e que com certeza nos vai dar outra bagagem para o que falta disputar na temporada\u201d,<\/strong> explicou Jo\u00e3o Ferreira.<\/p>\n<p>O Hail Toyota international rally, como \u00e9 denominada oficialmente a Baja Ha\u2019il arranca no dia 8 de Fevereiro e perlonga-se at\u00e9 ao dia 10. A cidade que acolhe o evento, historicamente relevante na rota de peregrina\u00e7\u00e3o, \u00e9 conhecida pela sua agricultura, destacando-se em trigo e latic\u00ednios, e oferece vistas deslumbrantes do Monte Samra. Com um terreno ideal, a prova percorre paisagens des\u00e9rticas e \u00e9 conhecida pelas altas dunas e pistas desafiantes no deserto Nafud Alkaber. A prova contar\u00e1 com um total de 915km, 488km dos quais cronometrados e divididos por Pr\u00f3logo e dois setores seletivos. A Ta\u00e7a do Mundo de Bajas tem visita marcada para Portugal, na Baja Portalegre.<\/p>\n<p><!-- \/wp:paragraph --><\/p>\t\t\t\t\t\t<\/div>\n\t\t\t\t<\/div>\n\t\t\t\t\t<\/div>\n\t\t\t\t<\/div>\n\t\t\t\t<\/div>","protected":false},"excerpt":{"rendered":"<p>A dupla Jo\u00e3o Ferreira e Filipe Palmeiro que recentemente terminaram com um Top5 o Dakar Rally na categoria SSV, preparam-se para rumar de novo a terras sauditas onde v\u00e3o estar \u00e0 partida da Baja Ha\u2019il, primeira ronda da Ta\u00e7a do Mundo de Cross Country Bajas organizada pela FIA. Agora aos comandos do MINI JCW T1+, [&hellip;]<\/p>","protected":false},"author":2,"featured_media":476,"comment_status":"closed","ping_status":"closed","sticky":false,"template":"","format":"standard","meta":{"footnotes":""},"categories":[1],"tags":[],"class_list":["post-164","post","type-post","status-publish","format-standard","has-post-thumbnail","hentry","category-uncategorized"],"_links":{"self":[{"href":"https:\/\/j-ferreira.pt\/en\/wp-json\/wp\/v2\/posts\/164","targetHints":{"allow":["GET"]}}],"collection":[{"href":"https:\/\/j-ferreira.pt\/en\/wp-json\/wp\/v2\/posts"}],"about":[{"href":"https:\/\/j-ferreira.pt\/en\/wp-json\/wp\/v2\/types\/post"}],"author":[{"embeddable":true,"href":"https:\/\/j-ferreira.pt\/en\/wp-json\/wp\/v2\/users\/2"}],"replies":[{"embeddable":true,"href":"https:\/\/j-ferreira.pt\/en\/wp-json\/wp\/v2\/comments?post=164"}],"version-history":[{"count":5,"href":"https:\/\/j-ferreira.pt\/en\/wp-json\/wp\/v2\/posts\/164\/revisions"}],"predecessor-version":[{"id":480,"href":"https:\/\/j-ferreira.pt\/en\/wp-json\/wp\/v2\/posts\/164\/revisions\/480"}],"wp:featuredmedia":[{"embeddable":true,"href":"https:\/\/j-ferreira.pt\/en\/wp-json\/wp\/v2\/media\/476"}],"wp:attachment":[{"href":"https:\/\/j-ferreira.pt\/en\/wp-json\/wp\/v2\/media?parent=164"}],"wp:term":[{"taxonomy":"category","embeddable":true,"href":"https:\/\/j-ferreira.pt\/en\/wp-json\/wp\/v2\/categories?post=164"},{"taxonomy":"post_tag","embeddable":true,"href":"https:\/\/j-ferreira.pt\/en\/wp-json\/wp\/v2\/tags?post=164"}],"curies":[{"name":"wp","href":"https:\/\/api.w.org\/{rel}","templated":true}]}}