{"id":1626,"date":"2024-07-23T10:57:14","date_gmt":"2024-07-23T10:57:14","guid":{"rendered":"https:\/\/j-ferreira.pt\/?p=1626"},"modified":"2026-04-22T09:49:32","modified_gmt":"2026-04-22T09:49:32","slug":"joao-ferreira-ao-ataque-na-baja-aragon","status":"publish","type":"post","link":"https:\/\/j-ferreira.pt\/en\/joao-ferreira-ao-ataque-na-baja-aragon\/","title":{"rendered":"Jo\u00e3o Ferreira on the attack in the Baja Aragon"},"content":{"rendered":"<div data-elementor-type=\"wp-post\" data-elementor-id=\"1626\" class=\"elementor elementor-1626\" data-elementor-post-type=\"post\">\n\t\t\t\t<div class=\"elementor-element elementor-element-38ac9c9b e-flex e-con-boxed e-con e-parent\" data-id=\"38ac9c9b\" data-element_type=\"container\">\n\t\t\t\t\t<div class=\"e-con-inner\">\n\t\t\t\t<div class=\"elementor-element elementor-element-366572ce elementor-widget elementor-widget-text-editor\" data-id=\"366572ce\" data-element_type=\"widget\" data-widget_type=\"text-editor.default\">\n\t\t\t\t<div class=\"elementor-widget-container\">\n\t\t\t<style>\/*! elementor - v3.21.0 - 30-04-2024 *\/\n.elementor-widget-text-editor.elementor-drop-cap-view-stacked .elementor-drop-cap{background-color:#69727d;color:#fff}.elementor-widget-text-editor.elementor-drop-cap-view-framed .elementor-drop-cap{color:#69727d;border:3px solid;background-color:transparent}.elementor-widget-text-editor:not(.elementor-drop-cap-view-default) .elementor-drop-cap{margin-top:8px}.elementor-widget-text-editor:not(.elementor-drop-cap-view-default) .elementor-drop-cap-letter{width:1em;height:1em}.elementor-widget-text-editor .elementor-drop-cap{float:left;text-align:center;line-height:1;font-size:50px}.elementor-widget-text-editor .elementor-drop-cap-letter{display:inline-block}<\/style>\t\t\t\t<p>Jo\u00e3o Ferreira and Filipe Palmeiro are returning to the World Cup for Cross-Country Bajas to participate in the Baja Aragon, one of the most important events on the global cross-country calendar. The race, which takes place next Friday, Saturday, and Sunday, promises plenty of excitement following the announcement of the entry list featuring some of the best drivers in the world today.<\/p><p>\u00a0<\/p><p class=\" translation-block\">Behind the wheel of the Mini JCW T1+ from X-Raid, the driver from Leiria is confident of a good result while respecting his competitors. <strong>\u201cWe are ready for this challenge. The Baja Aragon is always one of the most competitive events and is extremely well organized, so I believe that with total commitment, we can fight for the top places in the standings. Naturally, considering the entry list, we must respect our opponents, some of whom are very experienced in this race. We will do our best as always and fight every kilometer to be the fastest,\u201d<\/strong> assured the young national driver, who is co-driven by the experienced Filipe Palmeiro from Portalegre.<\/p><p>\u00a0<\/p><p>The Baja Aragon will feature over 520 km of timed sections, divided between the Prologue and two days of selective timed sectors.<\/p>\t\t\t\t\t\t<\/div>\n\t\t\t\t<\/div>\n\t\t\t\t\t<\/div>\n\t\t\t\t<\/div>\n\t\t<div class=\"elementor-element elementor-element-7d18535 e-flex e-con-boxed e-con e-parent\" data-id=\"7d18535\" data-element_type=\"container\">\n\t\t\t\t\t<div class=\"e-con-inner\">\n\t\t<div class=\"elementor-element elementor-element-198ba9b e-con-full e-flex e-con e-child\" data-id=\"198ba9b\" data-element_type=\"container\">\n\t\t\t\t<div class=\"elementor-element elementor-element-7e6aedc elementor-widget elementor-widget-image\" data-id=\"7e6aedc\" data-element_type=\"widget\" data-widget_type=\"image.default\">\n\t\t\t\t<div class=\"elementor-widget-container\">\n\t\t\t<style>\/*! elementor - v3.21.0 - 30-04-2024 *\/\n.elementor-widget-image{text-align:center}.elementor-widget-image a{display:inline-block}.elementor-widget-image a img[src$=\".svg\"]{width:48px}.elementor-widget-image img{vertical-align:middle;display:inline-block}<\/style>\t\t\t\t\t\t\t\t\t\t<img fetchpriority=\"high\" decoding=\"async\" width=\"1280\" height=\"853\" src=\"https:\/\/j-ferreira.pt\/wp-content\/uploads\/2024\/07\/RO24EC02ITA422.jpeg\" class=\"attachment-full size-full wp-image-1622\" alt=\"\" srcset=\"https:\/\/j-ferreira.pt\/wp-content\/uploads\/2024\/07\/RO24EC02ITA422.jpeg 1280w, https:\/\/j-ferreira.pt\/wp-content\/uploads\/2024\/07\/RO24EC02ITA422-600x400.jpeg 600w, https:\/\/j-ferreira.pt\/wp-content\/uploads\/2024\/07\/RO24EC02ITA422-300x200.jpeg 300w, https:\/\/j-ferreira.pt\/wp-content\/uploads\/2024\/07\/RO24EC02ITA422-1024x682.jpeg 1024w, https:\/\/j-ferreira.pt\/wp-content\/uploads\/2024\/07\/RO24EC02ITA422-768x512.jpeg 768w\" sizes=\"(max-width: 1280px) 100vw, 1280px\" \/>\t\t\t\t\t\t\t\t\t\t\t\t\t<\/div>\n\t\t\t\t<\/div>\n\t\t\t\t<\/div>\n\t\t<div class=\"elementor-element elementor-element-3c481eb e-con-full e-flex e-con e-child\" data-id=\"3c481eb\" data-element_type=\"container\">\n\t\t\t\t<div class=\"elementor-element elementor-element-89b77ff elementor-widget elementor-widget-image\" data-id=\"89b77ff\" data-element_type=\"widget\" data-widget_type=\"image.default\">\n\t\t\t\t<div class=\"elementor-widget-container\">\n\t\t\t\t\t\t\t\t\t\t\t\t\t<img decoding=\"async\" width=\"1600\" height=\"1067\" src=\"https:\/\/j-ferreira.pt\/wp-content\/uploads\/2024\/05\/6.jpeg\" class=\"attachment-full size-full wp-image-1585\" alt=\"\" srcset=\"https:\/\/j-ferreira.pt\/wp-content\/uploads\/2024\/05\/6.jpeg 1600w, https:\/\/j-ferreira.pt\/wp-content\/uploads\/2024\/05\/6-600x400.jpeg 600w, https:\/\/j-ferreira.pt\/wp-content\/uploads\/2024\/05\/6-300x200.jpeg 300w, https:\/\/j-ferreira.pt\/wp-content\/uploads\/2024\/05\/6-1024x683.jpeg 1024w, https:\/\/j-ferreira.pt\/wp-content\/uploads\/2024\/05\/6-768x512.jpeg 768w, https:\/\/j-ferreira.pt\/wp-content\/uploads\/2024\/05\/6-1536x1024.jpeg 1536w\" sizes=\"(max-width: 1600px) 100vw, 1600px\" \/>\t\t\t\t\t\t\t\t\t\t\t\t\t<\/div>\n\t\t\t\t<\/div>\n\t\t\t\t<\/div>\n\t\t\t\t\t<\/div>\n\t\t\t\t<\/div>\n\t\t\t\t<\/div>","protected":false},"excerpt":{"rendered":"<p>Jo\u00e3o Ferreira e Filipe Palmeiro est\u00e3o de regresso \u00e0 Ta\u00e7a do Mundo de Bajas, para participar na Baja Aragon, uma das provas mais importantes do calend\u00e1rio de todo-o-terreno no Mundo. A prova que, se realiza na pr\u00f3xima sexta-feira, s\u00e1bado e domingo, promete muita anima\u00e7\u00e3o depois de ter sido anunciada a lista de inscritos que conta [&hellip;]<\/p>","protected":false},"author":2,"featured_media":1546,"comment_status":"closed","ping_status":"closed","sticky":false,"template":"","format":"standard","meta":{"footnotes":""},"categories":[1],"tags":[],"class_list":["post-1626","post","type-post","status-publish","format-standard","has-post-thumbnail","hentry","category-uncategorized"],"_links":{"self":[{"href":"https:\/\/j-ferreira.pt\/en\/wp-json\/wp\/v2\/posts\/1626","targetHints":{"allow":["GET"]}}],"collection":[{"href":"https:\/\/j-ferreira.pt\/en\/wp-json\/wp\/v2\/posts"}],"about":[{"href":"https:\/\/j-ferreira.pt\/en\/wp-json\/wp\/v2\/types\/post"}],"author":[{"embeddable":true,"href":"https:\/\/j-ferreira.pt\/en\/wp-json\/wp\/v2\/users\/2"}],"replies":[{"embeddable":true,"href":"https:\/\/j-ferreira.pt\/en\/wp-json\/wp\/v2\/comments?post=1626"}],"version-history":[{"count":7,"href":"https:\/\/j-ferreira.pt\/en\/wp-json\/wp\/v2\/posts\/1626\/revisions"}],"predecessor-version":[{"id":1633,"href":"https:\/\/j-ferreira.pt\/en\/wp-json\/wp\/v2\/posts\/1626\/revisions\/1633"}],"wp:featuredmedia":[{"embeddable":true,"href":"https:\/\/j-ferreira.pt\/en\/wp-json\/wp\/v2\/media\/1546"}],"wp:attachment":[{"href":"https:\/\/j-ferreira.pt\/en\/wp-json\/wp\/v2\/media?parent=1626"}],"wp:term":[{"taxonomy":"category","embeddable":true,"href":"https:\/\/j-ferreira.pt\/en\/wp-json\/wp\/v2\/categories?post=1626"},{"taxonomy":"post_tag","embeddable":true,"href":"https:\/\/j-ferreira.pt\/en\/wp-json\/wp\/v2\/tags?post=1626"}],"curies":[{"name":"wp","href":"https:\/\/api.w.org\/{rel}","templated":true}]}}