{"id":1620,"date":"2024-07-12T10:48:12","date_gmt":"2024-07-12T10:48:12","guid":{"rendered":"https:\/\/j-ferreira.pt\/?p=1620"},"modified":"2026-04-22T09:49:28","modified_gmt":"2026-04-22T09:49:28","slug":"joao-ferreira-mostrou-ser-rapido-na-baja-italia","status":"publish","type":"post","link":"https:\/\/j-ferreira.pt\/en\/joao-ferreira-mostrou-ser-rapido-na-baja-italia\/","title":{"rendered":"Jo\u00e3o Ferreira demonstrated his speed in the Baja Italy"},"content":{"rendered":"<div data-elementor-type=\"wp-post\" data-elementor-id=\"1620\" class=\"elementor elementor-1620\" data-elementor-post-type=\"post\">\n\t\t\t\t<div class=\"elementor-element elementor-element-38ac9c9b e-flex e-con-boxed e-con e-parent\" data-id=\"38ac9c9b\" data-element_type=\"container\">\n\t\t\t\t\t<div class=\"e-con-inner\">\n\t\t\t\t<div class=\"elementor-element elementor-element-366572ce elementor-widget elementor-widget-text-editor\" data-id=\"366572ce\" data-element_type=\"widget\" data-widget_type=\"text-editor.default\">\n\t\t\t\t<div class=\"elementor-widget-container\">\n\t\t\t<style>\/*! elementor - v3.21.0 - 30-04-2024 *\/\n.elementor-widget-text-editor.elementor-drop-cap-view-stacked .elementor-drop-cap{background-color:#69727d;color:#fff}.elementor-widget-text-editor.elementor-drop-cap-view-framed .elementor-drop-cap{color:#69727d;border:3px solid;background-color:transparent}.elementor-widget-text-editor:not(.elementor-drop-cap-view-default) .elementor-drop-cap{margin-top:8px}.elementor-widget-text-editor:not(.elementor-drop-cap-view-default) .elementor-drop-cap-letter{width:1em;height:1em}.elementor-widget-text-editor .elementor-drop-cap{float:left;text-align:center;line-height:1;font-size:50px}.elementor-widget-text-editor .elementor-drop-cap-letter{display:inline-block}<\/style>\t\t\t\t<p>Jo\u00e3o Ferreira and Filipe Palmeiro finished the Baja Italy in 7th place overall. The 2022 European Champions returned to Italy with ambitions to fight for victory in the second round of the European Cup for Cross-Country Bajas, after achieving a second place in 2022 and a third place in 2023. However, a slight problem in the first selective sector of the race ultimately delayed the Portuguese duo's chances for victory, although they managed to win the second and third sectors of the Italian event afterward.<\/p><p>\u00a0<\/p><p class=\" translation-block\">Behind the wheel of the Mini JCW T1+ from X-Raid, the driver from Leiria finished the race satisfied, already looking ahead to the upcoming challenges: <strong>\u201cOf course, when we come to win, we can\u2019t leave the event completely happy with a seventh place. But the truth is that we couldn\u2019t have done better after a slight battery issue that we felt in the first sector. From there on, we did our best and were consistently the fastest, so we have to believe that we did a good job and leave Italy with our heads held high, happy, and with our eyes set on the Baja Aragon and Baja Hungary, which take place within a month,\u201d<\/strong> assured the young national driver.<\/p><p>\u00a0<\/p><p>The European Cup for Cross-Country Bajas continues in August with the Hungarian Baja, while in the meantime, Jo\u00e3o Ferreira and Filipe Palmeiro will participate in the Baja Aragon, a race that counts towards the World Cup and where the best drivers in the world are expected to compete.<\/p>\t\t\t\t\t\t<\/div>\n\t\t\t\t<\/div>\n\t\t\t\t\t<\/div>\n\t\t\t\t<\/div>\n\t\t<div class=\"elementor-element elementor-element-7d18535 e-flex e-con-boxed e-con e-parent\" data-id=\"7d18535\" data-element_type=\"container\">\n\t\t\t\t\t<div class=\"e-con-inner\">\n\t\t<div class=\"elementor-element elementor-element-198ba9b e-con-full e-flex e-con e-child\" data-id=\"198ba9b\" data-element_type=\"container\">\n\t\t\t\t<div class=\"elementor-element elementor-element-7e6aedc elementor-widget elementor-widget-image\" data-id=\"7e6aedc\" data-element_type=\"widget\" data-widget_type=\"image.default\">\n\t\t\t\t<div class=\"elementor-widget-container\">\n\t\t\t<style>\/*! elementor - v3.21.0 - 30-04-2024 *\/\n.elementor-widget-image{text-align:center}.elementor-widget-image a{display:inline-block}.elementor-widget-image a img[src$=\".svg\"]{width:48px}.elementor-widget-image img{vertical-align:middle;display:inline-block}<\/style>\t\t\t\t\t\t\t\t\t\t<img fetchpriority=\"high\" decoding=\"async\" width=\"1600\" height=\"1067\" src=\"https:\/\/j-ferreira.pt\/wp-content\/uploads\/2024\/05\/5.jpeg\" class=\"attachment-full size-full wp-image-1584\" alt=\"\" srcset=\"https:\/\/j-ferreira.pt\/wp-content\/uploads\/2024\/05\/5.jpeg 1600w, https:\/\/j-ferreira.pt\/wp-content\/uploads\/2024\/05\/5-600x400.jpeg 600w, https:\/\/j-ferreira.pt\/wp-content\/uploads\/2024\/05\/5-300x200.jpeg 300w, https:\/\/j-ferreira.pt\/wp-content\/uploads\/2024\/05\/5-1024x683.jpeg 1024w, https:\/\/j-ferreira.pt\/wp-content\/uploads\/2024\/05\/5-768x512.jpeg 768w, https:\/\/j-ferreira.pt\/wp-content\/uploads\/2024\/05\/5-1536x1024.jpeg 1536w\" sizes=\"(max-width: 1600px) 100vw, 1600px\" \/>\t\t\t\t\t\t\t\t\t\t\t\t\t<\/div>\n\t\t\t\t<\/div>\n\t\t\t\t<\/div>\n\t\t<div class=\"elementor-element elementor-element-3c481eb e-con-full e-flex e-con e-child\" data-id=\"3c481eb\" data-element_type=\"container\">\n\t\t\t\t<div class=\"elementor-element elementor-element-89b77ff elementor-widget elementor-widget-image\" data-id=\"89b77ff\" data-element_type=\"widget\" data-widget_type=\"image.default\">\n\t\t\t\t<div class=\"elementor-widget-container\">\n\t\t\t\t\t\t\t\t\t\t\t\t\t<img decoding=\"async\" width=\"2560\" height=\"1709\" src=\"https:\/\/j-ferreira.pt\/wp-content\/uploads\/2024\/05\/RC24J.F_BEXT2613-scaled.jpg\" class=\"attachment-full size-full wp-image-1547\" alt=\"\" srcset=\"https:\/\/j-ferreira.pt\/wp-content\/uploads\/2024\/05\/RC24J.F_BEXT2613-scaled.jpg 2560w, https:\/\/j-ferreira.pt\/wp-content\/uploads\/2024\/05\/RC24J.F_BEXT2613-scaled-600x401.jpg 600w, https:\/\/j-ferreira.pt\/wp-content\/uploads\/2024\/05\/RC24J.F_BEXT2613-300x200.jpg 300w, https:\/\/j-ferreira.pt\/wp-content\/uploads\/2024\/05\/RC24J.F_BEXT2613-1024x684.jpg 1024w, https:\/\/j-ferreira.pt\/wp-content\/uploads\/2024\/05\/RC24J.F_BEXT2613-768x513.jpg 768w, https:\/\/j-ferreira.pt\/wp-content\/uploads\/2024\/05\/RC24J.F_BEXT2613-1536x1025.jpg 1536w, https:\/\/j-ferreira.pt\/wp-content\/uploads\/2024\/05\/RC24J.F_BEXT2613-2048x1367.jpg 2048w\" sizes=\"(max-width: 2560px) 100vw, 2560px\" \/>\t\t\t\t\t\t\t\t\t\t\t\t\t<\/div>\n\t\t\t\t<\/div>\n\t\t\t\t<\/div>\n\t\t\t\t\t<\/div>\n\t\t\t\t<\/div>\n\t\t\t\t<\/div>","protected":false},"excerpt":{"rendered":"<p>Jo\u00e3o Ferreira e Filipe Palmeiro terminaram a Baja It\u00e1lia na 7.\u00aa posi\u00e7\u00e3o da Geral. Os Campe\u00f5es da Europa de 2022, regressavam a It\u00e1lia com ambi\u00e7\u00f5es de lutar pelo triunfo na segunda ronda da Ta\u00e7a da Europa de Bajas, depois de um segundo lugar alcan\u00e7ado em 2022 e um terceiro lugar em 2023. Contudo, um ligeiro [&hellip;]<\/p>","protected":false},"author":2,"featured_media":1622,"comment_status":"closed","ping_status":"closed","sticky":false,"template":"","format":"standard","meta":{"footnotes":""},"categories":[1],"tags":[],"class_list":["post-1620","post","type-post","status-publish","format-standard","has-post-thumbnail","hentry","category-uncategorized"],"_links":{"self":[{"href":"https:\/\/j-ferreira.pt\/en\/wp-json\/wp\/v2\/posts\/1620","targetHints":{"allow":["GET"]}}],"collection":[{"href":"https:\/\/j-ferreira.pt\/en\/wp-json\/wp\/v2\/posts"}],"about":[{"href":"https:\/\/j-ferreira.pt\/en\/wp-json\/wp\/v2\/types\/post"}],"author":[{"embeddable":true,"href":"https:\/\/j-ferreira.pt\/en\/wp-json\/wp\/v2\/users\/2"}],"replies":[{"embeddable":true,"href":"https:\/\/j-ferreira.pt\/en\/wp-json\/wp\/v2\/comments?post=1620"}],"version-history":[{"count":4,"href":"https:\/\/j-ferreira.pt\/en\/wp-json\/wp\/v2\/posts\/1620\/revisions"}],"predecessor-version":[{"id":1625,"href":"https:\/\/j-ferreira.pt\/en\/wp-json\/wp\/v2\/posts\/1620\/revisions\/1625"}],"wp:featuredmedia":[{"embeddable":true,"href":"https:\/\/j-ferreira.pt\/en\/wp-json\/wp\/v2\/media\/1622"}],"wp:attachment":[{"href":"https:\/\/j-ferreira.pt\/en\/wp-json\/wp\/v2\/media?parent=1620"}],"wp:term":[{"taxonomy":"category","embeddable":true,"href":"https:\/\/j-ferreira.pt\/en\/wp-json\/wp\/v2\/categories?post=1620"},{"taxonomy":"post_tag","embeddable":true,"href":"https:\/\/j-ferreira.pt\/en\/wp-json\/wp\/v2\/tags?post=1620"}],"curies":[{"name":"wp","href":"https:\/\/api.w.org\/{rel}","templated":true}]}}