{"id":1508,"date":"2024-05-02T23:04:33","date_gmt":"2024-05-02T23:04:33","guid":{"rendered":"https:\/\/j-ferreira.pt\/?p=1508"},"modified":"2026-04-22T09:49:16","modified_gmt":"2026-04-22T09:49:16","slug":"extremadura1","status":"publish","type":"post","link":"https:\/\/j-ferreira.pt\/en\/extremadura1\/","title":{"rendered":"Jo\u00e3o Ferreira na Baja Extremadura para continuar evolu\u00e7\u00e3o no Mini T1+"},"content":{"rendered":"<div data-elementor-type=\"wp-post\" data-elementor-id=\"1508\" class=\"elementor elementor-1508\" data-elementor-post-type=\"post\">\n\t\t\t\t<div class=\"elementor-element elementor-element-38ac9c9b e-flex e-con-boxed e-con e-parent\" data-id=\"38ac9c9b\" data-element_type=\"container\">\n\t\t\t\t\t<div class=\"e-con-inner\">\n\t\t\t\t<div class=\"elementor-element elementor-element-366572ce elementor-widget elementor-widget-text-editor\" data-id=\"366572ce\" data-element_type=\"widget\" data-widget_type=\"text-editor.default\">\n\t\t\t\t<div class=\"elementor-widget-container\">\n\t\t\t<style>\/*! elementor - v3.21.0 - 30-04-2024 *\/\n.elementor-widget-text-editor.elementor-drop-cap-view-stacked .elementor-drop-cap{background-color:#69727d;color:#fff}.elementor-widget-text-editor.elementor-drop-cap-view-framed .elementor-drop-cap{color:#69727d;border:3px solid;background-color:transparent}.elementor-widget-text-editor:not(.elementor-drop-cap-view-default) .elementor-drop-cap{margin-top:8px}.elementor-widget-text-editor:not(.elementor-drop-cap-view-default) .elementor-drop-cap-letter{width:1em;height:1em}.elementor-widget-text-editor .elementor-drop-cap{float:left;text-align:center;line-height:1;font-size:50px}.elementor-widget-text-editor .elementor-drop-cap-letter{display:inline-block}<\/style>\t\t\t\t<p>Est\u00e1 prestes a come\u00e7ar mais uma edi\u00e7\u00e3o da Baja TT Dehesa Extremadura, primeira ronda da Ta\u00e7a da Europa de Bajas. Jo\u00e3o Ferreira, vencedor da competi\u00e7\u00e3o organizada pela FIA em 2022, volta a marcar presen\u00e7a no evento inaugural, de forma a continuar a evoluir ao volante do Mini JCW T1+ da X-Raid, sempre com ambi\u00e7\u00f5es de lutar pelo triunfo numa prova que nunca venceu.<\/p><p>\u00a0<\/p><p><strong>\u201cPara n\u00f3s, marcar presen\u00e7a na Baja TT Dehesa Extremadura \u00e9 j\u00e1 um h\u00e1bito e dos bons. Somos sempre muito bem recebidos por toda a comunidade da Extremadura e por esta organiza\u00e7\u00e3o. N\u00e3o temos ambi\u00e7\u00f5es de continuar na Ta\u00e7a da Europa, mas n\u00e3o pod\u00edamos perder a oportunidade de continuar a evoluir os combust\u00edveis renov\u00e1veis da REPSOL no Mini JCW T1+. Nesta prova temos algumas melhorias no carro, que esperamos que sejam suficientes para nos levar \u00e0 luta pelo triunfo, nesta prova onde nunca conseguimos triunfar \u00e0 Geral\u201d, <\/strong>explicou o jovem piloto de Leiria.<\/p><p>\u00a0<\/p><p>A Baja TT Dehesa de Extremadura come\u00e7a hoje oficialmente, com a realiza\u00e7\u00e3o do Pr\u00f3logo pelas 11h00 espanholas, \u00e0 qual se segue um setor seletivo que tem in\u00edcio marcado para Elvas (Portugal), pelas 14h00 locais. Amanh\u00e3 a prova continua com a realiza\u00e7\u00e3o de dois setores seletivos em territ\u00f3rio de \u201cnuestros hermanos\u201d. Na noite de ontem realizou-se a cerim\u00f3nia de partida, que juntou muitos aficionados pelo desporto motorizado.<\/p>\t\t\t\t\t\t<\/div>\n\t\t\t\t<\/div>\n\t\t\t\t\t<\/div>\n\t\t\t\t<\/div>\n\t\t<div class=\"elementor-element elementor-element-7d18535 e-flex e-con-boxed e-con e-parent\" data-id=\"7d18535\" data-element_type=\"container\">\n\t\t\t\t\t<div class=\"e-con-inner\">\n\t\t<div class=\"elementor-element elementor-element-198ba9b e-con-full e-flex e-con e-child\" data-id=\"198ba9b\" data-element_type=\"container\">\n\t\t\t\t<div class=\"elementor-element elementor-element-7e6aedc elementor-widget elementor-widget-image\" data-id=\"7e6aedc\" data-element_type=\"widget\" data-widget_type=\"image.default\">\n\t\t\t\t<div class=\"elementor-widget-container\">\n\t\t\t<style>\/*! elementor - v3.21.0 - 30-04-2024 *\/\n.elementor-widget-image{text-align:center}.elementor-widget-image a{display:inline-block}.elementor-widget-image a img[src$=\".svg\"]{width:48px}.elementor-widget-image img{vertical-align:middle;display:inline-block}<\/style>\t\t\t\t\t\t\t\t\t\t<img fetchpriority=\"high\" decoding=\"async\" width=\"2560\" height=\"1706\" src=\"https:\/\/j-ferreira.pt\/wp-content\/uploads\/2024\/05\/RO24EUR01EXT462-scaled.jpg\" class=\"attachment-full size-full wp-image-1510\" alt=\"\" srcset=\"https:\/\/j-ferreira.pt\/wp-content\/uploads\/2024\/05\/RO24EUR01EXT462-scaled.jpg 2560w, https:\/\/j-ferreira.pt\/wp-content\/uploads\/2024\/05\/RO24EUR01EXT462-scaled-600x400.jpg 600w, https:\/\/j-ferreira.pt\/wp-content\/uploads\/2024\/05\/RO24EUR01EXT462-300x200.jpg 300w, https:\/\/j-ferreira.pt\/wp-content\/uploads\/2024\/05\/RO24EUR01EXT462-1024x683.jpg 1024w, https:\/\/j-ferreira.pt\/wp-content\/uploads\/2024\/05\/RO24EUR01EXT462-768x512.jpg 768w, https:\/\/j-ferreira.pt\/wp-content\/uploads\/2024\/05\/RO24EUR01EXT462-1536x1024.jpg 1536w, https:\/\/j-ferreira.pt\/wp-content\/uploads\/2024\/05\/RO24EUR01EXT462-2048x1365.jpg 2048w\" sizes=\"(max-width: 2560px) 100vw, 2560px\" \/>\t\t\t\t\t\t\t\t\t\t\t\t\t<\/div>\n\t\t\t\t<\/div>\n\t\t\t\t<\/div>\n\t\t<div class=\"elementor-element elementor-element-3c481eb e-con-full e-flex e-con e-child\" data-id=\"3c481eb\" data-element_type=\"container\">\n\t\t\t\t<div class=\"elementor-element elementor-element-89b77ff elementor-widget elementor-widget-image\" data-id=\"89b77ff\" data-element_type=\"widget\" data-widget_type=\"image.default\">\n\t\t\t\t<div class=\"elementor-widget-container\">\n\t\t\t\t\t\t\t\t\t\t\t\t\t<img decoding=\"async\" width=\"2560\" height=\"1709\" src=\"https:\/\/j-ferreira.pt\/wp-content\/uploads\/2024\/05\/RC24J.F_BEXT2618-scaled.jpg\" class=\"attachment-full size-full wp-image-1511\" alt=\"\" srcset=\"https:\/\/j-ferreira.pt\/wp-content\/uploads\/2024\/05\/RC24J.F_BEXT2618-scaled.jpg 2560w, https:\/\/j-ferreira.pt\/wp-content\/uploads\/2024\/05\/RC24J.F_BEXT2618-scaled-600x401.jpg 600w, https:\/\/j-ferreira.pt\/wp-content\/uploads\/2024\/05\/RC24J.F_BEXT2618-300x200.jpg 300w, https:\/\/j-ferreira.pt\/wp-content\/uploads\/2024\/05\/RC24J.F_BEXT2618-1024x684.jpg 1024w, https:\/\/j-ferreira.pt\/wp-content\/uploads\/2024\/05\/RC24J.F_BEXT2618-768x513.jpg 768w, https:\/\/j-ferreira.pt\/wp-content\/uploads\/2024\/05\/RC24J.F_BEXT2618-1536x1025.jpg 1536w, https:\/\/j-ferreira.pt\/wp-content\/uploads\/2024\/05\/RC24J.F_BEXT2618-2048x1367.jpg 2048w\" sizes=\"(max-width: 2560px) 100vw, 2560px\" \/>\t\t\t\t\t\t\t\t\t\t\t\t\t<\/div>\n\t\t\t\t<\/div>\n\t\t\t\t<\/div>\n\t\t\t\t\t<\/div>\n\t\t\t\t<\/div>\n\t\t\t\t<\/div>","protected":false},"excerpt":{"rendered":"<p>Est\u00e1 prestes a come\u00e7ar mais uma edi\u00e7\u00e3o da Baja TT Dehesa Extremadura, primeira ronda da Ta\u00e7a da Europa de Bajas. Jo\u00e3o Ferreira, vencedor da competi\u00e7\u00e3o organizada pela FIA em 2022, volta a marcar presen\u00e7a no evento inaugural, de forma a continuar a evoluir ao volante do Mini JCW T1+ da X-Raid, sempre com ambi\u00e7\u00f5es de [&hellip;]<\/p>","protected":false},"author":2,"featured_media":1515,"comment_status":"closed","ping_status":"closed","sticky":false,"template":"","format":"standard","meta":{"footnotes":""},"categories":[1],"tags":[],"class_list":["post-1508","post","type-post","status-publish","format-standard","has-post-thumbnail","hentry","category-uncategorized"],"_links":{"self":[{"href":"https:\/\/j-ferreira.pt\/en\/wp-json\/wp\/v2\/posts\/1508","targetHints":{"allow":["GET"]}}],"collection":[{"href":"https:\/\/j-ferreira.pt\/en\/wp-json\/wp\/v2\/posts"}],"about":[{"href":"https:\/\/j-ferreira.pt\/en\/wp-json\/wp\/v2\/types\/post"}],"author":[{"embeddable":true,"href":"https:\/\/j-ferreira.pt\/en\/wp-json\/wp\/v2\/users\/2"}],"replies":[{"embeddable":true,"href":"https:\/\/j-ferreira.pt\/en\/wp-json\/wp\/v2\/comments?post=1508"}],"version-history":[{"count":4,"href":"https:\/\/j-ferreira.pt\/en\/wp-json\/wp\/v2\/posts\/1508\/revisions"}],"predecessor-version":[{"id":1514,"href":"https:\/\/j-ferreira.pt\/en\/wp-json\/wp\/v2\/posts\/1508\/revisions\/1514"}],"wp:featuredmedia":[{"embeddable":true,"href":"https:\/\/j-ferreira.pt\/en\/wp-json\/wp\/v2\/media\/1515"}],"wp:attachment":[{"href":"https:\/\/j-ferreira.pt\/en\/wp-json\/wp\/v2\/media?parent=1508"}],"wp:term":[{"taxonomy":"category","embeddable":true,"href":"https:\/\/j-ferreira.pt\/en\/wp-json\/wp\/v2\/categories?post=1508"},{"taxonomy":"post_tag","embeddable":true,"href":"https:\/\/j-ferreira.pt\/en\/wp-json\/wp\/v2\/tags?post=1508"}],"curies":[{"name":"wp","href":"https:\/\/api.w.org\/{rel}","templated":true}]}}